{"id":33517,"date":"2017-11-19T10:10:48","date_gmt":"2017-11-19T13:10:48","guid":{"rendered":"http:\/\/caririemacao.com\/1\/?p=33517"},"modified":"2017-11-19T10:15:01","modified_gmt":"2017-11-19T13:15:01","slug":"legislativo-parariense-realiza-sessao-e-concede-voto-de-aplauso-a-cabo-da-pm","status":"publish","type":"post","link":"https:\/\/www.caririemacao.com\/1\/2017\/11\/19\/legislativo-parariense-realiza-sessao-e-concede-voto-de-aplauso-a-cabo-da-pm\/","title":{"rendered":"Legislativo parariense realiza sess\u00e3o e concede voto de aplauso a Cabo da PM"},"content":{"rendered":"<p>A C\u00e2mara Municipal de Parari realizou na tarde desta sexta-feira (17), mais uma importante sess\u00e3o ordin\u00e1ria.\u00a0 Na pauta da sess\u00e3o constavam as seguintes proposituras: uma indica\u00e7\u00e3o de autoria do vereador, Tertuliano Aires, um voto de aplauso de autoria do vereador, Josenildo dos Santos e um projeto de lei (PL) de autoria do Poder Executivo.<\/p>\n<p><a href=\"http:\/\/caririemacao.com\/1\/wp-content\/uploads\/2017\/11\/DSC_0019-1.jpg\"><img fetchpriority=\"high\" decoding=\"async\" class=\"aligncenter wp-image-33521 size-full\" src=\"http:\/\/caririemacao.com\/1\/wp-content\/uploads\/2017\/11\/DSC_0019-1.jpg\" alt=\"\" width=\"800\" height=\"532\" srcset=\"https:\/\/www.caririemacao.com\/1\/wp-content\/uploads\/2017\/11\/DSC_0019-1.jpg 800w, https:\/\/www.caririemacao.com\/1\/wp-content\/uploads\/2017\/11\/DSC_0019-1-300x200.jpg 300w, https:\/\/www.caririemacao.com\/1\/wp-content\/uploads\/2017\/11\/DSC_0019-1-768x511.jpg 768w\" sizes=\"(max-width: 800px) 100vw, 800px\" \/><\/a><\/p>\n<p>A indica\u00e7\u00e3o aprovada durante a sess\u00e3o de ontem apontava, ao Poder Executivo a necessidade da realiza\u00e7\u00e3o de conv\u00eanio, com as entidades respons\u00e1veis pela emiss\u00e3o de documentos pessoais, tendo como objetivo, autorizar o Cart\u00f3rio de Registro Civil do munic\u00edpio a fazer emiss\u00e3o de c\u00e9dula de identidade (RG), cadastro de pessoa f\u00edsica (CPF),carteira de trabalho, passaportes e outros documentos importantes. Segundo o vereador\u00a0 Terto, a medida vai ajudar as fam\u00edlias do munic\u00edpio no sentido de baratear custos, uma vez que a popula\u00e7\u00e3o est\u00e1 se dirigindo aos grandes centros, a exemplo de Campina Grande, para retirar essa documenta\u00e7\u00e3o.<\/p>\n<p>Ainda durante a sess\u00e3o, os vereadores aprovaram por unanimidade, o PL de n\u00famero 015\/2017, de autoria do Poder Executivo que solicitava a C\u00e2mara uma autoriza\u00e7\u00e3o para realiza\u00e7\u00e3o de um leil\u00e3o de bens economicamente invi\u00e1veis.<\/p>\n<p><a href=\"http:\/\/caririemacao.com\/1\/wp-content\/uploads\/2017\/11\/DSC_0005-2.jpg\"><img decoding=\"async\" class=\"aligncenter wp-image-33519 size-full lazyload\" data-src=\"http:\/\/caririemacao.com\/1\/wp-content\/uploads\/2017\/11\/DSC_0005-2.jpg\" alt=\"\" width=\"800\" height=\"532\" data-srcset=\"https:\/\/www.caririemacao.com\/1\/wp-content\/uploads\/2017\/11\/DSC_0005-2.jpg 800w, https:\/\/www.caririemacao.com\/1\/wp-content\/uploads\/2017\/11\/DSC_0005-2-300x200.jpg 300w, https:\/\/www.caririemacao.com\/1\/wp-content\/uploads\/2017\/11\/DSC_0005-2-768x511.jpg 768w\" data-sizes=\"(max-width: 800px) 100vw, 800px\" src=\"data:image\/svg+xml;base64,PHN2ZyB3aWR0aD0iMSIgaGVpZ2h0PSIxIiB4bWxucz0iaHR0cDovL3d3dy53My5vcmcvMjAwMC9zdmciPjwvc3ZnPg==\" style=\"--smush-placeholder-width: 800px; --smush-placeholder-aspect-ratio: 800\/532;\" \/><\/a><\/p>\n<p>O parlamento aprovou ainda, votos de aplausos a L\u00facio Jos\u00e9 de Farias, cabo da Pol\u00edcia Militar do Estado da Para\u00edba, pelos relevantes servi\u00e7os prestados a seguran\u00e7a p\u00fablica na regi\u00e3o do Cariri.<\/p>\n<p><strong>SOBRE L\u00daCIO JOS\u00c9 DE FARIAS<\/strong><\/p>\n<p><a href=\"http:\/\/caririemacao.com\/1\/wp-content\/uploads\/2017\/11\/DSC_0018-1.jpg\"><img decoding=\"async\" class=\"aligncenter wp-image-33520 size-full lazyload\" data-src=\"http:\/\/caririemacao.com\/1\/wp-content\/uploads\/2017\/11\/DSC_0018-1.jpg\" alt=\"\" width=\"800\" height=\"532\" data-srcset=\"https:\/\/www.caririemacao.com\/1\/wp-content\/uploads\/2017\/11\/DSC_0018-1.jpg 800w, https:\/\/www.caririemacao.com\/1\/wp-content\/uploads\/2017\/11\/DSC_0018-1-300x200.jpg 300w, https:\/\/www.caririemacao.com\/1\/wp-content\/uploads\/2017\/11\/DSC_0018-1-768x511.jpg 768w\" data-sizes=\"(max-width: 800px) 100vw, 800px\" src=\"data:image\/svg+xml;base64,PHN2ZyB3aWR0aD0iMSIgaGVpZ2h0PSIxIiB4bWxucz0iaHR0cDovL3d3dy53My5vcmcvMjAwMC9zdmciPjwvc3ZnPg==\" style=\"--smush-placeholder-width: 800px; --smush-placeholder-aspect-ratio: 800\/532;\" \/><\/a><\/p>\n<p>L\u00facio Jos\u00e9 de Farias \u00e9 natural da cidade de Gurj\u00e3o no Cariri, paraibano e \u00e9 cabo da Pol\u00edcia Militar, do Estado da Para\u00edba, fazendo parte do efetivo h\u00e1 16 anos. O cabo L\u00facio \u00e9 formado em Hist\u00f3ria, Administra\u00e7\u00e3o e Arqueologia, possui Mestrado em ci\u00eancia da educa\u00e7\u00e3o e atualmente est\u00e1 professor substituto da Faculdade Integrada de Patos (FIP). E ultimamente se encontra trabalhando como comandante de patrulha da 04\u00aa Companhia da Pol\u00edcia Militar, composta pelas cidades de Olivedos, Livramento, Ten\u00f3rio e Santo Andr\u00e9.<\/p>\n<p>O Voto foi proposto pelo vereador presidente, Nildo dos Santos. O presidente encerrou os trabalhos da sess\u00e3o, convidando toda popula\u00e7\u00e3o para participar da pr\u00f3xima reuni\u00e3o ordin\u00e1ria que ocorrer\u00e1 na pr\u00f3xima sexta-feira (01) a partir das 18h, na sede do Poder Legislativo.<\/p>\n<p><strong>Veja foto:\u00a0<\/strong><\/p>\n<p><div class=\"ose- ose-uid-40b4ded5f7c0de688e5d0ea59211cc1b ose-embedpress-responsive\" style=\"width:600px; height:550px; max-height:550px; max-width:100%; display:inline-block;\" data-embed-type=\"Facebook\"><iframe allowFullScreen=\"true\" class=\"embera-facebook-iframe-b569f lazyload\" data-src=\"https:\/\/www.facebook.com\/plugins\/post.php?href=https%3A%2F%2Fwww.facebook.com%2Fmedia%2Fset%2F%3Fset%3Da.1131639713638717.1073742609.302749469861083%26%23038%3Btype%3D1%26%23038%3Bl%3D83cb07682c&width=600&height=550&show_text=true\" width=\"600\" height=\"550\" style=\"border:none;overflow:hidden\" scrolling=\"no\" frameborder=\"0\" allowTransparency=\"true\" src=\"data:image\/svg+xml;base64,PHN2ZyB3aWR0aD0iMSIgaGVpZ2h0PSIxIiB4bWxucz0iaHR0cDovL3d3dy53My5vcmcvMjAwMC9zdmciPjwvc3ZnPg==\" data-load-mode=\"1\"><\/iframe><\/div><\/p>\n<p><strong>CARIRI EM A\u00c7\u00c3O<\/strong><\/p>\n<p><strong>Leia mais not\u00edcias em\u00a0<\/strong><a href=\"http:\/\/www.caririemacao.com\/\"><strong>caririemacao.com<\/strong><\/a><strong>, siga nossa p\u00e1gina no\u00a0<\/strong><a href=\"https:\/\/www.facebook.com\/CaririEmAcao\/?ref=aymt_homepage_panel\"><strong>Facebook<\/strong><\/a>,<strong>\u00a0<a href=\"https:\/\/www.instagram.com\/cariri_em_acao\/?hl=pt-br\">Instagram<\/a>\u00a0e <\/strong><a href=\"https:\/\/www.youtube.com\/channel\/UCAptA0jQuYQy8vMhLt2m4qg\"><strong>Youtube<\/strong><\/a><strong>\u00a0e veja nossas mat\u00e9rias, v\u00eddeos e fotos. Voc\u00ea tamb\u00e9m pode enviar informa\u00e7\u00f5es \u00e0 Reda\u00e7\u00e3o do Portal Cariri em A\u00e7\u00e3o pelo WhatsApp (83) 9 9634.5791, (83) 9 9601-1162.<\/strong><\/p>\n<p>&nbsp;<\/p>\n<p>&nbsp;<\/p>\n","protected":false},"excerpt":{"rendered":"<p>A C\u00e2mara Municipal de Parari realizou na tarde desta sexta-feira (17), mais uma importante sess\u00e3o ordin\u00e1ria.\u00a0 Na pauta da sess\u00e3o constavam as seguintes proposituras: uma&hellip; <\/p>\n","protected":false},"author":2,"featured_media":33518,"comment_status":"closed","ping_status":"closed","sticky":false,"template":"","format":"standard","meta":{"sfsi_plus_gutenberg_text_before_share":"","sfsi_plus_gutenberg_show_text_before_share":"","sfsi_plus_gutenberg_icon_type":"","sfsi_plus_gutenberg_icon_alignemt":"","sfsi_plus_gutenburg_max_per_row":"","footnotes":""},"categories":[11],"tags":[],"class_list":["post-33517","post","type-post","status-publish","format-standard","has-post-thumbnail","hentry","category-politica"],"_links":{"self":[{"href":"https:\/\/www.caririemacao.com\/1\/wp-json\/wp\/v2\/posts\/33517","targetHints":{"allow":["GET"]}}],"collection":[{"href":"https:\/\/www.caririemacao.com\/1\/wp-json\/wp\/v2\/posts"}],"about":[{"href":"https:\/\/www.caririemacao.com\/1\/wp-json\/wp\/v2\/types\/post"}],"author":[{"embeddable":true,"href":"https:\/\/www.caririemacao.com\/1\/wp-json\/wp\/v2\/users\/2"}],"replies":[{"embeddable":true,"href":"https:\/\/www.caririemacao.com\/1\/wp-json\/wp\/v2\/comments?post=33517"}],"version-history":[{"count":0,"href":"https:\/\/www.caririemacao.com\/1\/wp-json\/wp\/v2\/posts\/33517\/revisions"}],"wp:featuredmedia":[{"embeddable":true,"href":"https:\/\/www.caririemacao.com\/1\/wp-json\/wp\/v2\/media\/33518"}],"wp:attachment":[{"href":"https:\/\/www.caririemacao.com\/1\/wp-json\/wp\/v2\/media?parent=33517"}],"wp:term":[{"taxonomy":"category","embeddable":true,"href":"https:\/\/www.caririemacao.com\/1\/wp-json\/wp\/v2\/categories?post=33517"},{"taxonomy":"post_tag","embeddable":true,"href":"https:\/\/www.caririemacao.com\/1\/wp-json\/wp\/v2\/tags?post=33517"}],"curies":[{"name":"wp","href":"https:\/\/api.w.org\/{rel}","templated":true}]}}