{"id":33527,"date":"2017-11-18T21:27:03","date_gmt":"2017-11-19T00:27:03","guid":{"rendered":"http:\/\/caririemacao.com\/1\/?p=33527"},"modified":"2017-11-18T21:27:03","modified_gmt":"2017-11-19T00:27:03","slug":"sai-edital-do-concurso-da-prefeitura-de-esperanca-com-243-vagas","status":"publish","type":"post","link":"https:\/\/www.caririemacao.com\/1\/2017\/11\/18\/sai-edital-do-concurso-da-prefeitura-de-esperanca-com-243-vagas\/","title":{"rendered":"Sai edital do concurso da prefeitura de Esperan\u00e7a com 243 vagas"},"content":{"rendered":"<p>A prefeitura de Esperan\u00e7a, no Agreste paraibano, divulgou neste s\u00e1bado (18) o edital para um concurso p\u00fablico com 243 vagas para cargos de n\u00edveis fundamental, m\u00e9dio, t\u00e9cnico e superior. De acordo com o edital, s\u00e3o oferecidas 15 vagas para pessoas com defici\u00eancia e mais uma vaga para cadastro de reserva.<\/p>\n<div>Veja o edital do concurso da prefeitura de Esperan\u00e7a<\/div>\n<div><\/div>\n<div>Segundo o edital, as inscri\u00e7\u00f5es abrem na segunda-feira (20) e seguem at\u00e9 o dia 22 de dezembro, podendo ser feitas de forma presencial, na sede da Secretaria de Educa\u00e7\u00e3o e Cultural, localizada \u00e0 Rua Manuel Rodrigues, 310, Centro de Esperan\u00e7a, das 8h \u00e0s 12h (hor\u00e1rio local), de segunda a sexta-feira; ou de forma online, no site da organizadora.<\/div>\n<div><\/div>\n<div>Os sal\u00e1rios variam entre R$ 937 e R$ 2.068,92. O cargo com o maior n\u00famero de vagas \u00e9 o de professor da educa\u00e7\u00e3o b\u00e1sica, que oferece 35 oportunidades, sendo duas para pessoas com defici\u00eancia. Para exercer o cargo, o candidato precisa ter licenciatura em pedagogia.<\/div>\n<div><\/div>\n<div>Al\u00e9m deste cargo, h\u00e1 vagas para agente administrativo, agente comunit\u00e1rio de sa\u00fade, agente fiscal de tributos, agente de vigil\u00e2ncia ambiental, assistente social, agente municipal de tr\u00e2nsito, assistente jur\u00eddico, auxiliar de sa\u00fade bucal, auxiliar de servi\u00e7os diversos, bombeiro hidr\u00e1ulico, carpinteiro\/marceneiro, coveiro, cozinheira, digitador, eletricista, enfermeiro, farmac\u00eautico bioqu\u00edmico, fiscal de obras, fisioterapeuta, fonoaudi\u00f3logo, m\u00e9dico (cardiologista, dermatologista, endocrinologista, ginecologista, mastologista, obstetra, otorrinolaringologista, pediatra, plantonista, psiquiatra, reumatologista, traumo-ortopedista, UBSF, urologista), merendeira, motorista (C e D), nutricionista, odont\u00f3logo (cirurgi\u00e3o dentista), operador de motoniveladora, operador de trator de esteira, operador de trator de pneus, orientador educacional, pedreiro, procurador jur\u00eddico, professor (geografia, hist\u00f3ria, ingl\u00eas, ci\u00eancias, portugu\u00eas, matem\u00e1tica, educa\u00e7\u00e3o f\u00edsica, educa\u00e7\u00e3o infantil), psic\u00f3logo, supervisor educacional, t\u00e9c<\/div>\n<div>T\u00e9nico de enfermagem, t\u00e9cnico em raio-x, t\u00e9cnico de seguran\u00e7a do trabalho, veterin\u00e1rio e vigilante.<\/div>\n<div><\/div>\n<div>As provas est\u00e3o previstas para acontecer na cidade de Esperan\u00e7a, no dia 21 de janeiro de 2018. As taxas de inscri\u00e7\u00e3o custam R$ 50 para cargos de n\u00edvel fundamental, R$ 60 para cargos de n\u00edvel m\u00e9dio e t\u00e9cnico e R$ 80 para cargos de n\u00edvel superior.<\/div>\n<div>\n<p><strong>CARIRI EM A\u00c7\u00c3O<\/strong><\/p>\n<p><strong>Leia mais not\u00edcias em\u00a0<\/strong><a href=\"http:\/\/www.caririemacao.com\/\"><strong>caririemacao.com<\/strong><\/a><strong>, siga nossa p\u00e1gina no\u00a0<\/strong><a href=\"https:\/\/www.facebook.com\/CaririEmAcao\/?ref=aymt_homepage_panel\"><strong>Facebook<\/strong><\/a>,<strong>\u00a0<\/strong><a href=\"https:\/\/www.instagram.com\/cariri_em_acao\/?hl=pt-br\"><strong>Instagram<\/strong><\/a><strong>\u00a0e\u00a0<\/strong><a href=\"https:\/\/www.youtube.com\/channel\/UCAptA0jQuYQy8vMhLt2m4qg\"><strong>Youtube<\/strong><\/a><strong>\u00a0e veja nossas mat\u00e9rias, v\u00eddeos e fotos. Voc\u00ea tamb\u00e9m pode enviar informa\u00e7\u00f5es \u00e0 Reda\u00e7\u00e3o do Portal Cariri em A\u00e7\u00e3o pelo WhatsApp (83) 9 9634.5791, (83) 9 9601-1162.<\/strong><\/p>\n<\/div>\n","protected":false},"excerpt":{"rendered":"<p>A prefeitura de Esperan\u00e7a, no Agreste paraibano, divulgou neste s\u00e1bado (18) o edital para um concurso p\u00fablico com 243 vagas para cargos de n\u00edveis fundamental,&hellip; <\/p>\n","protected":false},"author":2,"featured_media":33529,"comment_status":"closed","ping_status":"closed","sticky":false,"template":"","format":"standard","meta":{"sfsi_plus_gutenberg_text_before_share":"","sfsi_plus_gutenberg_show_text_before_share":"","sfsi_plus_gutenberg_icon_type":"","sfsi_plus_gutenberg_icon_alignemt":"","sfsi_plus_gutenburg_max_per_row":"","footnotes":""},"categories":[2],"tags":[],"class_list":["post-33527","post","type-post","status-publish","format-standard","has-post-thumbnail","hentry","category-geral"],"_links":{"self":[{"href":"https:\/\/www.caririemacao.com\/1\/wp-json\/wp\/v2\/posts\/33527","targetHints":{"allow":["GET"]}}],"collection":[{"href":"https:\/\/www.caririemacao.com\/1\/wp-json\/wp\/v2\/posts"}],"about":[{"href":"https:\/\/www.caririemacao.com\/1\/wp-json\/wp\/v2\/types\/post"}],"author":[{"embeddable":true,"href":"https:\/\/www.caririemacao.com\/1\/wp-json\/wp\/v2\/users\/2"}],"replies":[{"embeddable":true,"href":"https:\/\/www.caririemacao.com\/1\/wp-json\/wp\/v2\/comments?post=33527"}],"version-history":[{"count":0,"href":"https:\/\/www.caririemacao.com\/1\/wp-json\/wp\/v2\/posts\/33527\/revisions"}],"wp:featuredmedia":[{"embeddable":true,"href":"https:\/\/www.caririemacao.com\/1\/wp-json\/wp\/v2\/media\/33529"}],"wp:attachment":[{"href":"https:\/\/www.caririemacao.com\/1\/wp-json\/wp\/v2\/media?parent=33527"}],"wp:term":[{"taxonomy":"category","embeddable":true,"href":"https:\/\/www.caririemacao.com\/1\/wp-json\/wp\/v2\/categories?post=33527"},{"taxonomy":"post_tag","embeddable":true,"href":"https:\/\/www.caririemacao.com\/1\/wp-json\/wp\/v2\/tags?post=33527"}],"curies":[{"name":"wp","href":"https:\/\/api.w.org\/{rel}","templated":true}]}}