{"id":33534,"date":"2017-11-19T09:46:37","date_gmt":"2017-11-19T12:46:37","guid":{"rendered":"http:\/\/caririemacao.com\/1\/?p=33534"},"modified":"2017-11-19T09:46:37","modified_gmt":"2017-11-19T12:46:37","slug":"idoso-e-preso-apos-ser-flagrado-pela-2a-vez-no-ano-dirigindo-embriagado","status":"publish","type":"post","link":"https:\/\/www.caririemacao.com\/1\/2017\/11\/19\/idoso-e-preso-apos-ser-flagrado-pela-2a-vez-no-ano-dirigindo-embriagado\/","title":{"rendered":"Idoso \u00e9 preso ap\u00f3s ser flagrado pela 2\u00aa vez no ano dirigindo embriagado"},"content":{"rendered":"<p>Um idoso de 61 anos de idade foi preso, nesse s\u00e1bado (18), ap\u00f3s ser flagrado dirigindo sob efeito de \u00e1lcool em um trecho da BR-230, na Regi\u00e3o Metropolitana de Jo\u00e3o Pessoa. De acordo com a Pol\u00edcia Rodovi\u00e1ria Federal (PRF), esta \u00e9 a segunda vez no ano que o motorista \u00e9 flagrado dirigindo embriagado.<\/p>\n<p>A PRF recebeu v\u00e1rias den\u00fancias alertando que um motorista estava conduzindo um Volkswagen Gol, de cor branca, de forma perigosa no sentido Bayeux \u2013 Jo\u00e3o Pessoa. Ap\u00f3s as den\u00fancias,\u00a0 uma equipe da PRF encontrou o ve\u00edculo nas proximidades do Viaduto do Geisel, na Capital, onde o condutor foi submetido ao teste de alcoolemia (baf\u00f4metro). O resultado foi de 0,73 mg\/l de \u00e1lcool. (miligrama por litro de ar expelido pelos pulm\u00f5es).<\/p>\n<p>Os agentes da PRF tamb\u00e9m descobriram que o motorista j\u00e1 havia sido preso pelo mesmo motivo -embriaguez ao volante \u2013 no dia 31 de mar\u00e7o deste ano, quando foi flagrado dirigindo pela contram\u00e3o, na BR-101, trecho de Mamanguape, no Litoral Norte do estado. \u00c0 \u00e9poca, o idoso provocou um acidente.<\/p>\n<p>Ap\u00f3s a pris\u00e3o, o idoso foi encaminhado para Central de Pol\u00edcia de Jo\u00e3o Pessoa.<\/p>\n<p>No caso de reincid\u00eancia neste tipo de infra\u00e7\u00e3o, o C\u00f3digo de Tr\u00e2nsito Brasileiro estabelece multa no valor de R$ 5.869,40. Al\u00e9m da multa, o motorista infrator perde mais sete pontos na carteira de habilita\u00e7\u00e3o, e pode de ter o seu direito de dirigir definitivamente suspenso e responder a processo na justi\u00e7a.<\/p>\n<p><strong>CARIRI EM A\u00c7\u00c3O<\/strong><\/p>\n<p><em>Com Portal Correio \/Foto:Google\u00a0\u00a0 <\/em><\/p>\n<p><strong>Leia mais not\u00edcias em\u00a0<\/strong><a href=\"http:\/\/www.caririemacao.com\/\"><strong>caririemacao.com<\/strong><\/a><strong>, siga nossa p\u00e1gina no\u00a0<\/strong><a href=\"https:\/\/www.facebook.com\/CaririEmAcao\/?ref=aymt_homepage_panel\"><strong>Facebook<\/strong><\/a>,<strong>\u00a0<\/strong><a href=\"https:\/\/www.instagram.com\/cariri_em_acao\/?hl=pt-br\"><strong>Instagram<\/strong><\/a><strong>\u00a0e <\/strong><a href=\"https:\/\/www.youtube.com\/channel\/UCAptA0jQuYQy8vMhLt2m4qg\"><strong>Youtube<\/strong><\/a><strong>\u00a0e veja nossas mat\u00e9rias, v\u00eddeos e fotos. Voc\u00ea tamb\u00e9m pode enviar informa\u00e7\u00f5es \u00e0 Reda\u00e7\u00e3o do Portal Cariri em A\u00e7\u00e3o pelo WhatsApp (83) 9 9634.5791, (83) 9 9601-1162.<\/strong><\/p>\n","protected":false},"excerpt":{"rendered":"<p>Um idoso de 61 anos de idade foi preso, nesse s\u00e1bado (18), ap\u00f3s ser flagrado dirigindo sob efeito de \u00e1lcool em um trecho da BR-230,&hellip; <\/p>\n","protected":false},"author":2,"featured_media":23807,"comment_status":"closed","ping_status":"closed","sticky":false,"template":"","format":"standard","meta":{"sfsi_plus_gutenberg_text_before_share":"","sfsi_plus_gutenberg_show_text_before_share":"","sfsi_plus_gutenberg_icon_type":"","sfsi_plus_gutenberg_icon_alignemt":"","sfsi_plus_gutenburg_max_per_row":"","footnotes":""},"categories":[12],"tags":[],"class_list":["post-33534","post","type-post","status-publish","format-standard","has-post-thumbnail","hentry","category-policia"],"_links":{"self":[{"href":"https:\/\/www.caririemacao.com\/1\/wp-json\/wp\/v2\/posts\/33534","targetHints":{"allow":["GET"]}}],"collection":[{"href":"https:\/\/www.caririemacao.com\/1\/wp-json\/wp\/v2\/posts"}],"about":[{"href":"https:\/\/www.caririemacao.com\/1\/wp-json\/wp\/v2\/types\/post"}],"author":[{"embeddable":true,"href":"https:\/\/www.caririemacao.com\/1\/wp-json\/wp\/v2\/users\/2"}],"replies":[{"embeddable":true,"href":"https:\/\/www.caririemacao.com\/1\/wp-json\/wp\/v2\/comments?post=33534"}],"version-history":[{"count":0,"href":"https:\/\/www.caririemacao.com\/1\/wp-json\/wp\/v2\/posts\/33534\/revisions"}],"wp:featuredmedia":[{"embeddable":true,"href":"https:\/\/www.caririemacao.com\/1\/wp-json\/wp\/v2\/media\/23807"}],"wp:attachment":[{"href":"https:\/\/www.caririemacao.com\/1\/wp-json\/wp\/v2\/media?parent=33534"}],"wp:term":[{"taxonomy":"category","embeddable":true,"href":"https:\/\/www.caririemacao.com\/1\/wp-json\/wp\/v2\/categories?post=33534"},{"taxonomy":"post_tag","embeddable":true,"href":"https:\/\/www.caririemacao.com\/1\/wp-json\/wp\/v2\/tags?post=33534"}],"curies":[{"name":"wp","href":"https:\/\/api.w.org\/{rel}","templated":true}]}}