{"id":33539,"date":"2017-11-19T10:00:57","date_gmt":"2017-11-19T13:00:57","guid":{"rendered":"http:\/\/caririemacao.com\/1\/?p=33539"},"modified":"2017-11-19T10:00:57","modified_gmt":"2017-11-19T13:00:57","slug":"pb-chora-113-mortes-no-dia-em-memoria-as-vitimas-de-transito","status":"publish","type":"post","link":"https:\/\/www.caririemacao.com\/1\/2017\/11\/19\/pb-chora-113-mortes-no-dia-em-memoria-as-vitimas-de-transito\/","title":{"rendered":"PB \u2018chora\u2019 113 mortes no Dia em Mem\u00f3ria \u00e0s V\u00edtimas de Tr\u00e2nsito"},"content":{"rendered":"<p>O agente de tr\u00e2nsito Diogo Nascimento foi atropelado na madrugada do dia 21 de janeiro deste ano quando trabalhava em uma opera\u00e7\u00e3o da Lei Seca no Bessa, em Jo\u00e3o Pessoa. O suspeito de atropel\u00e1-lo, Rodolpho Gon\u00e7alves Carlos da Silva, teria desobedecido a ordem de parada e avan\u00e7ado um Porsche que conduzia sobre o agente. A v\u00edtima chegou a ser socorrida para o Hospital de Emerg\u00eancia e Trauma Senador Humberto Lucena, mas morreu no dia seguinte. Fazendo refer\u00eancia ao Dia Mundial em Mem\u00f3ria \u00e0s V\u00edtimas de Tr\u00e2nsito, que a ONU, desde 2005, estabeleceu ser o terceiro domingo do m\u00eas de novembro (19), a hist\u00f3ria de Diogo \u00e9 lembrada no intuito de conscientizar a sociedade pela paz no tr\u00e2nsito.<\/p>\n<p>Segundo a Pol\u00edcia Rodovi\u00e1ria Federal, foram registrados 1.479 acidentes de tr\u00e2nsito, com 113 mortes s\u00f3 neste ano nas rodovias federais da Para\u00edba, um n\u00famero 19,83% menor que em 2016, com 1.497 acidentes, sendo 141 com mortes. Os dados foram colhidos de 1\u00ba de janeiro at\u00e9 31 de outubro, em ambos os anos.<\/p>\n<p>\u201cO que mais chama aten\u00e7\u00e3o \u00e9 para o n\u00famero de acidentes por atropelamento. Das 113 mortes em 2017, 34 foram causadas por atropelamento, o que \u00e9 preocupante para n\u00f3s\u201d, comentou o inspetor Gen\u00e9sio Vieira, assessor de comunica\u00e7\u00e3o da PRF.<\/p>\n<p><strong>Caso Diogo<br \/>\n<\/strong><br \/>\nNem mesmo as tristes marcas deixadas em milhares de fam\u00edlias que perderam amigos ou parentes em acidentes mudam alguns motoristas, que insistem em comportamentos irrespons\u00e1veis como uso de celular ao volante, consumo de \u00e1lcool antes de assumir a dire\u00e7\u00e3o, excesso de velocidade e at\u00e9 neglig\u00eancia de empresas que n\u00e3o fazem a manuten\u00e7\u00e3o de seus ve\u00edculos constantemente.<\/p>\n<p>\u201cA dor e o sentimento \u00e9 um s\u00f3. D\u00f3i muito perder um amigo querido, a quem tanto considerava. N\u00f3s sabemos que tudo isso poderia ter sido evitado pelo assassino, pois ele arrancou n\u00e3o s\u00f3 a oportunidade de vida de Diogo, mas tamb\u00e9m a de seus filhos que ir\u00e3o crescer sem o pai e a do resto da fam\u00edlia\u201d, lamentou Alex C\u00e2ndido, cunhado de Diogo.<\/p>\n<p>Diogo Nascimento foi atropelado na madrugada do dia 21 de janeiro deste ano quando trabalhava em uma opera\u00e7\u00e3o da Lei Seca no Bessa, em Jo\u00e3o Pessoa. O suspeito de atropel\u00e1-lo, Rodolpho Gon\u00e7alves Carlos da Silva, teria desobedecido a ordem de parada e avan\u00e7ado um Porsche que conduzia sobre o agente. A v\u00edtima chegou a ser socorrida para o Hospital de Emerg\u00eancia e Trauma Senador Humberto Lucena, mas morreu no dia seguinte.<\/p>\n<p>Rodolpho Carlos chegou a ficar preso no pres\u00eddio PB-2, que faz parte do Complexo Penitenci\u00e1rio de Seguran\u00e7a M\u00e1xima Romeu Gon\u00e7alves de Abrantes, em Jo\u00e3o Pessoa. Atualmente, o r\u00e9u segue em liberdade ap\u00f3s a C\u00e2mara Criminal do Tribunal de Justi\u00e7a da Para\u00edba (TJPB) ter concedido um habeas corpus.<\/p>\n<p>\u201cA vida continua, mas \u00e9 muito dif\u00edcil saber que algu\u00e9m que voc\u00ea ama se foi da maneira mais tr\u00e1gica poss\u00edvel. A dor para quem fica \u00e9 enorme\u201d, disse o cunhado de Diogo.<\/p>\n<p>Fam\u00edlia e colegas do agente de tr\u00e2nsito aguardam abalados por justi\u00e7a. O sentimento, segundo Alex C\u00e2ndido, \u00e9 de revolta.<\/p>\n<p><strong>Acidente entre trem e \u00f4nibus em Santa Rita<br \/>\n<\/strong><\/p>\n<p>Era uma tarde comum quando a m\u00e3e de Jayne Gabrielle, Edilane da Silva Macedo Alves, de 49 anos, saiu de casa para pagar contas, como sempre fazia. Contudo, uma trag\u00e9dia mudou aquele dia 29 de fevereiro de 2016.<\/p>\n<p>\u201cN\u00f3s t\u00ednhamos combinado de irmos juntas ao hospital fazer alguns exames, mas ela desistiu de \u00faltima hora e decidiu ir sozinha. Ela me ligou por volta das 15h30 avisando que tinha pegado o \u00f4nibus para voltar para casa e que ia descer uma parada depois da que costumava descer, pois ficou de fazer compras. Foi justamente onde aconteceu o acidente\u201d, contou Jayne.<\/p>\n<p>O acidente que vitimou a m\u00e3e de Jayne ganhou repercuss\u00e3o em toda a imprensa pela dimens\u00e3o que teve. Mais de dez pessoas ficaram feridas e cinco morreram ap\u00f3s um acidente envolvendo um trem da Companhia Brasileira de Trens Urbanos (CBTU) e um \u00f4nibus no distrito de V\u00e1rzea Nova, munic\u00edpio de Santa Rita. Uma falha do \u00f4nibus teria feito com que o ve\u00edculo ficasse parado na linha f\u00e9rrea. O local tamb\u00e9m n\u00e3o tinha cancelas.<\/p>\n<p>Sobre a dor da perda, a estudante afirmou que n\u00e3o passa. \u201cA dor n\u00e3o diminui, a saudade s\u00f3 aumenta e o luto \u00e9 eterno. N\u00e3o \u00e9 dif\u00edcil levantar todos os dias, pois adquirimos for\u00e7as, mas saber que nada foi resolvido ainda provoca dor f\u00edsica e emocional\u201d, disse.<\/p>\n<p>Jayne contou ao\u00a0Portal que todos os dias lembra da m\u00e3e. \u201cLamento n\u00e3o ter aproveitado os \u00faltimos momentos com ela. Lamento por cada segundo que fiquei longe naquele dia. Se pudesse voltar atr\u00e1s, teria aproveitado cada segundo, mas se tiv\u00e9ssemos essa consci\u00eancia do que iria acontecer, acredito que tudo seria bem mais doloroso\u201d, desabafou.<\/p>\n<p>A filha de Edilane tamb\u00e9m lastima que a seguran\u00e7a vi\u00e1ria seja falha e diz se preocupar quando algu\u00e9m que ela conhece pega a estrada. \u201cN\u00e3o consigo ficar tranquila quando sei que as pessoas que amo viajam de carro ou passam mais tempo que o normal no tr\u00e2nsito. A sociedade deveria ter mais empatia, se importar com a dor do outro. Cuidar da seguran\u00e7a do pr\u00f3ximo \u00e9 o primeiro passo para termos o direito de exigir algo de algu\u00e9m na mesma situa\u00e7\u00e3o\u201d, concluiu Jayne.<\/p>\n<p><strong>CARIRI EM A\u00c7\u00c3O<\/strong><\/p>\n<p><em>Com Portal Correio\/Foto:Google\u00a0\u00a0 <\/em><\/p>\n<p><strong>Leia mais not\u00edcias em\u00a0<\/strong><a href=\"http:\/\/www.caririemacao.com\/\"><strong>caririemacao.com<\/strong><\/a><strong>, siga nossa p\u00e1gina no\u00a0<\/strong><a href=\"https:\/\/www.facebook.com\/CaririEmAcao\/?ref=aymt_homepage_panel\"><strong>Facebook<\/strong><\/a>,<strong>\u00a0<\/strong><a href=\"https:\/\/www.instagram.com\/cariri_em_acao\/?hl=pt-br\"><strong>Instagram<\/strong><\/a><strong>\u00a0e <\/strong><a href=\"https:\/\/www.youtube.com\/channel\/UCAptA0jQuYQy8vMhLt2m4qg\"><strong>Youtube<\/strong><\/a><strong>\u00a0e veja nossas mat\u00e9rias, v\u00eddeos e fotos. Voc\u00ea tamb\u00e9m pode enviar informa\u00e7\u00f5es \u00e0 Reda\u00e7\u00e3o do Portal Cariri em A\u00e7\u00e3o pelo WhatsApp (83) 9 9634.5791, (83) 9 9601-1162.<\/strong><\/p>\n","protected":false},"excerpt":{"rendered":"<p>O agente de tr\u00e2nsito Diogo Nascimento foi atropelado na madrugada do dia 21 de janeiro deste ano quando trabalhava em uma opera\u00e7\u00e3o da Lei Seca&hellip; <\/p>\n","protected":false},"author":2,"featured_media":33540,"comment_status":"closed","ping_status":"closed","sticky":false,"template":"","format":"standard","meta":{"sfsi_plus_gutenberg_text_before_share":"","sfsi_plus_gutenberg_show_text_before_share":"","sfsi_plus_gutenberg_icon_type":"","sfsi_plus_gutenberg_icon_alignemt":"","sfsi_plus_gutenburg_max_per_row":"","footnotes":""},"categories":[2],"tags":[],"class_list":["post-33539","post","type-post","status-publish","format-standard","has-post-thumbnail","hentry","category-geral"],"_links":{"self":[{"href":"https:\/\/www.caririemacao.com\/1\/wp-json\/wp\/v2\/posts\/33539","targetHints":{"allow":["GET"]}}],"collection":[{"href":"https:\/\/www.caririemacao.com\/1\/wp-json\/wp\/v2\/posts"}],"about":[{"href":"https:\/\/www.caririemacao.com\/1\/wp-json\/wp\/v2\/types\/post"}],"author":[{"embeddable":true,"href":"https:\/\/www.caririemacao.com\/1\/wp-json\/wp\/v2\/users\/2"}],"replies":[{"embeddable":true,"href":"https:\/\/www.caririemacao.com\/1\/wp-json\/wp\/v2\/comments?post=33539"}],"version-history":[{"count":0,"href":"https:\/\/www.caririemacao.com\/1\/wp-json\/wp\/v2\/posts\/33539\/revisions"}],"wp:featuredmedia":[{"embeddable":true,"href":"https:\/\/www.caririemacao.com\/1\/wp-json\/wp\/v2\/media\/33540"}],"wp:attachment":[{"href":"https:\/\/www.caririemacao.com\/1\/wp-json\/wp\/v2\/media?parent=33539"}],"wp:term":[{"taxonomy":"category","embeddable":true,"href":"https:\/\/www.caririemacao.com\/1\/wp-json\/wp\/v2\/categories?post=33539"},{"taxonomy":"post_tag","embeddable":true,"href":"https:\/\/www.caririemacao.com\/1\/wp-json\/wp\/v2\/tags?post=33539"}],"curies":[{"name":"wp","href":"https:\/\/api.w.org\/{rel}","templated":true}]}}