{"id":33546,"date":"2017-11-19T10:11:54","date_gmt":"2017-11-19T13:11:54","guid":{"rendered":"http:\/\/caririemacao.com\/1\/?p=33546"},"modified":"2017-11-19T10:11:54","modified_gmt":"2017-11-19T13:11:54","slug":"temer-e-rodrigo-maia-discutem-reforma-da-previdencia-durante-reuniao","status":"publish","type":"post","link":"https:\/\/www.caririemacao.com\/1\/2017\/11\/19\/temer-e-rodrigo-maia-discutem-reforma-da-previdencia-durante-reuniao\/","title":{"rendered":"Temer e Rodrigo Maia discutem reforma da Previd\u00eancia durante reuni\u00e3o"},"content":{"rendered":"<p>O presidente Michel Temer e o presidente da C\u00e2mara, Rodrigo Maia (DEM-RJ), se reuniram neste s\u00e1bado (18), no Pal\u00e1cio da Alvorada, das 12h30 \u00e0s 14h. Temer, que desde essa sexta-feira (17) estava em S\u00e3o Paulo, regressou no fim da manh\u00e3 a Bras\u00edlia e foi direto para o Alvorada.<\/p>\n<p>De acordo com informa\u00e7\u00f5es divulgadas pela assessoria de imprensa da Presid\u00eancia da Rep\u00fablica, Temer e Maia conversaram sobre a reforma da Previd\u00eancia e a pauta de vota\u00e7\u00f5es da C\u00e2mara para a pr\u00f3xima semana. Os deputados que integram a base governista ainda se articulam para retomar a tramita\u00e7\u00e3o da reforma da Previd\u00eancia.<\/p>\n<p>A proposta de emenda \u00e0 Constitui\u00e7\u00e3o que altera as regras de acesso ao benef\u00edcio da aposentadoria ainda n\u00e3o consta na pauta do plen\u00e1rio da C\u00e2mara, mas a equipe econ\u00f4mica do governo espera votar pelo menos o primeiro turno da reforma ainda este ano.<\/p>\n<p><strong>Vota\u00e7\u00f5es<\/strong><\/p>\n<p>Tamb\u00e9m est\u00e3o na pauta dos deputados na pr\u00f3xima semana medidas como a que institui o Programa de Desligamento Volunt\u00e1rio (PDV), a jornada de trabalho reduzida com remunera\u00e7\u00e3o proporcional e a licen\u00e7a sem remunera\u00e7\u00e3o com pagamento de incentivo para servidores do Poder Executivo federal.<\/p>\n<p>A an\u00e1lise de medidas provis\u00f3rias da \u00e1rea de infraestrutura, como a que estabelece um regime especial para explora\u00e7\u00e3o e aproveitamento das subst\u00e2ncias minerais, e a que cria a Ag\u00eancia Nacional de Minera\u00e7\u00e3o e extingue o Departamento Nacional de Produ\u00e7\u00e3o Mineral, integram tamb\u00e9m a pauta da C\u00e2mara.<\/p>\n<p><strong>CARIRI EM A\u00c7\u00c3O<\/strong><\/p>\n<p><em>Com Ag\u00eancia Brasil\/Foto: Google\u00a0\u00a0 <\/em><\/p>\n<p><strong>Leia mais not\u00edcias em\u00a0<\/strong><a href=\"http:\/\/www.caririemacao.com\/\"><strong>caririemacao.com<\/strong><\/a><strong>, siga nossa p\u00e1gina no\u00a0<\/strong><a href=\"https:\/\/www.facebook.com\/CaririEmAcao\/?ref=aymt_homepage_panel\"><strong>Facebook<\/strong><\/a>,<strong>\u00a0<\/strong><a href=\"https:\/\/www.instagram.com\/cariri_em_acao\/?hl=pt-br\"><strong>Instagram<\/strong><\/a><strong>\u00a0e <\/strong><a href=\"https:\/\/www.youtube.com\/channel\/UCAptA0jQuYQy8vMhLt2m4qg\"><strong>Youtube<\/strong><\/a><strong>\u00a0e veja nossas mat\u00e9rias, v\u00eddeos e fotos. Voc\u00ea tamb\u00e9m pode enviar informa\u00e7\u00f5es \u00e0 Reda\u00e7\u00e3o do Portal Cariri em A\u00e7\u00e3o pelo WhatsApp (83) 9 9634.5791, (83) 9 9601-1162.<\/strong><\/p>\n","protected":false},"excerpt":{"rendered":"<p>O presidente Michel Temer e o presidente da C\u00e2mara, Rodrigo Maia (DEM-RJ), se reuniram neste s\u00e1bado (18), no Pal\u00e1cio da Alvorada, das 12h30 \u00e0s 14h.&hellip; <\/p>\n","protected":false},"author":2,"featured_media":23511,"comment_status":"closed","ping_status":"closed","sticky":false,"template":"","format":"standard","meta":{"sfsi_plus_gutenberg_text_before_share":"","sfsi_plus_gutenberg_show_text_before_share":"","sfsi_plus_gutenberg_icon_type":"","sfsi_plus_gutenberg_icon_alignemt":"","sfsi_plus_gutenburg_max_per_row":"","footnotes":""},"categories":[11],"tags":[],"class_list":["post-33546","post","type-post","status-publish","format-standard","has-post-thumbnail","hentry","category-politica"],"_links":{"self":[{"href":"https:\/\/www.caririemacao.com\/1\/wp-json\/wp\/v2\/posts\/33546","targetHints":{"allow":["GET"]}}],"collection":[{"href":"https:\/\/www.caririemacao.com\/1\/wp-json\/wp\/v2\/posts"}],"about":[{"href":"https:\/\/www.caririemacao.com\/1\/wp-json\/wp\/v2\/types\/post"}],"author":[{"embeddable":true,"href":"https:\/\/www.caririemacao.com\/1\/wp-json\/wp\/v2\/users\/2"}],"replies":[{"embeddable":true,"href":"https:\/\/www.caririemacao.com\/1\/wp-json\/wp\/v2\/comments?post=33546"}],"version-history":[{"count":0,"href":"https:\/\/www.caririemacao.com\/1\/wp-json\/wp\/v2\/posts\/33546\/revisions"}],"wp:featuredmedia":[{"embeddable":true,"href":"https:\/\/www.caririemacao.com\/1\/wp-json\/wp\/v2\/media\/23511"}],"wp:attachment":[{"href":"https:\/\/www.caririemacao.com\/1\/wp-json\/wp\/v2\/media?parent=33546"}],"wp:term":[{"taxonomy":"category","embeddable":true,"href":"https:\/\/www.caririemacao.com\/1\/wp-json\/wp\/v2\/categories?post=33546"},{"taxonomy":"post_tag","embeddable":true,"href":"https:\/\/www.caririemacao.com\/1\/wp-json\/wp\/v2\/tags?post=33546"}],"curies":[{"name":"wp","href":"https:\/\/api.w.org\/{rel}","templated":true}]}}