{"id":33547,"date":"2017-11-19T10:13:49","date_gmt":"2017-11-19T13:13:49","guid":{"rendered":"http:\/\/caririemacao.com\/1\/?p=33547"},"modified":"2017-11-19T10:14:06","modified_gmt":"2017-11-19T13:14:06","slug":"de-olho-em-2018-partidos-politicos-tentam-atrair-os-jovens","status":"publish","type":"post","link":"https:\/\/www.caririemacao.com\/1\/2017\/11\/19\/de-olho-em-2018-partidos-politicos-tentam-atrair-os-jovens\/","title":{"rendered":"De olho em 2018, partidos pol\u00edticos tentam atrair os jovens"},"content":{"rendered":"<p>Para atrair o \u201cex\u00e9rcito\u201d de jovens eleitores, os representantes dos partidos pol\u00edticos e os pretensos candidatos paraibanos t\u00eam aumentado a intensidade de trabalho para conquistar novos votos. Siglas como o Avante, Podemos, PSDB, PMDB, entre outros destacam a\u00e7\u00f5es permanentes que visam atingir a faixa et\u00e1ria dos 16 e 17 anos de idade.<\/p>\n<p>O presidente do Avante na Para\u00edba, Genival Matias, afirmou que no pr\u00f3ximo m\u00eas a Executiva Estadual vai visitar mais de 30 munic\u00edpios e vai reunir jovens e adolescentes para orientar sobre a import\u00e2ncia da participa\u00e7\u00e3o no processo eleitoral. Al\u00e9m de ter o objetivo de garantir votos, o dirigente admitiu que tamb\u00e9m trabalha para ganhar novos candidatos e filiados. \u201cO nosso partido tem o Avante Jovem, que desenvolve, atrav\u00e9s de reuni\u00f5es e palestras, o trabalho de mostrar a import\u00e2ncia da pol\u00edtica para o jovem. No pr\u00f3ximo m\u00eas de dezembro, vamos reunir jovens em mais de 30 munic\u00edpios com a pretens\u00e3o de intensificar nossa a\u00e7\u00e3o e obter melhores resultados nas urnas\u201d, disse Genival Matias.<\/p>\n<p>De acordo com o parlamentar, o objetivo do partido, al\u00e9m do voto, \u00e9 se fortalecer a com a participa\u00e7\u00e3o desses eleitores mais novos. \u201cTemos uma atua\u00e7\u00e3o muito importante nesse sentido\u201d, garantiu Genival Matias, demonstrando certo otimismo no \u00eaxito da campanha do Avante em busca dos adolescentes descrentes com a pol\u00edtica e com os pol\u00edticos.<\/p>\n<p>O presidente estadual do Podemos, Janduhy Carneiro, n\u00e3o fugiu \u00e0 regra e tamb\u00e9m destacou as a\u00e7\u00f5es da sigla no sentido de orientar os novos eleitores. \u201cEstimular a milit\u00e2ncia da juventude \u00e9 o mesmo que incentivar a pr\u00e1tica pol\u00edtica saud\u00e1vel. N\u00f3s incentivamos atrav\u00e9s da Juventude do Podemos, em que realizamos inclusive encontros a n\u00edvel nacional. Esses eventos s\u00e3o estimulados pela Executiva Nacional do nosso partido, mas tamb\u00e9m apoiamos a iniciativa de outras legendas. Fazemos cursos e oferecemos orienta\u00e7\u00f5es para que eles possam conquistar valores que levem a verdadeiras aquisi\u00e7\u00f5es e que muitos possam estar at\u00e9 colocando os seus nomes \u00e0 disposi\u00e7\u00e3o do eleitor, no futuro\u201d, disse Janduhy Carneiro.<\/p>\n<p><strong>CARIRI EM A\u00c7\u00c3O<\/strong><\/p>\n<p><em>Com Portal Correio \/Foto: Google\u00a0\u00a0 <\/em><\/p>\n<p><strong>Leia mais not\u00edcias em\u00a0<\/strong><a href=\"http:\/\/www.caririemacao.com\/\"><strong>caririemacao.com<\/strong><\/a><strong>, siga nossa p\u00e1gina no\u00a0<\/strong><a href=\"https:\/\/www.facebook.com\/CaririEmAcao\/?ref=aymt_homepage_panel\"><strong>Facebook<\/strong><\/a>,<strong>\u00a0<\/strong><a href=\"https:\/\/www.instagram.com\/cariri_em_acao\/?hl=pt-br\"><strong>Instagram<\/strong><\/a><strong>\u00a0e <\/strong><a href=\"https:\/\/www.youtube.com\/channel\/UCAptA0jQuYQy8vMhLt2m4qg\"><strong>Youtube<\/strong><\/a><strong>\u00a0e veja nossas mat\u00e9rias, v\u00eddeos e fotos. Voc\u00ea tamb\u00e9m pode enviar informa\u00e7\u00f5es \u00e0 Reda\u00e7\u00e3o do Portal Cariri em A\u00e7\u00e3o pelo WhatsApp (83) 9 9634.5791, (83) 9 9601-1162.<\/strong><\/p>\n","protected":false},"excerpt":{"rendered":"<p>Para atrair o \u201cex\u00e9rcito\u201d de jovens eleitores, os representantes dos partidos pol\u00edticos e os pretensos candidatos paraibanos t\u00eam aumentado a intensidade de trabalho para conquistar&hellip; <\/p>\n","protected":false},"author":2,"featured_media":32646,"comment_status":"closed","ping_status":"closed","sticky":false,"template":"","format":"standard","meta":{"sfsi_plus_gutenberg_text_before_share":"","sfsi_plus_gutenberg_show_text_before_share":"","sfsi_plus_gutenberg_icon_type":"","sfsi_plus_gutenberg_icon_alignemt":"","sfsi_plus_gutenburg_max_per_row":"","footnotes":""},"categories":[1],"tags":[],"class_list":["post-33547","post","type-post","status-publish","format-standard","has-post-thumbnail","hentry","category-o-site"],"_links":{"self":[{"href":"https:\/\/www.caririemacao.com\/1\/wp-json\/wp\/v2\/posts\/33547","targetHints":{"allow":["GET"]}}],"collection":[{"href":"https:\/\/www.caririemacao.com\/1\/wp-json\/wp\/v2\/posts"}],"about":[{"href":"https:\/\/www.caririemacao.com\/1\/wp-json\/wp\/v2\/types\/post"}],"author":[{"embeddable":true,"href":"https:\/\/www.caririemacao.com\/1\/wp-json\/wp\/v2\/users\/2"}],"replies":[{"embeddable":true,"href":"https:\/\/www.caririemacao.com\/1\/wp-json\/wp\/v2\/comments?post=33547"}],"version-history":[{"count":0,"href":"https:\/\/www.caririemacao.com\/1\/wp-json\/wp\/v2\/posts\/33547\/revisions"}],"wp:featuredmedia":[{"embeddable":true,"href":"https:\/\/www.caririemacao.com\/1\/wp-json\/wp\/v2\/media\/32646"}],"wp:attachment":[{"href":"https:\/\/www.caririemacao.com\/1\/wp-json\/wp\/v2\/media?parent=33547"}],"wp:term":[{"taxonomy":"category","embeddable":true,"href":"https:\/\/www.caririemacao.com\/1\/wp-json\/wp\/v2\/categories?post=33547"},{"taxonomy":"post_tag","embeddable":true,"href":"https:\/\/www.caririemacao.com\/1\/wp-json\/wp\/v2\/tags?post=33547"}],"curies":[{"name":"wp","href":"https:\/\/api.w.org\/{rel}","templated":true}]}}