{"id":33558,"date":"2017-11-19T10:35:06","date_gmt":"2017-11-19T13:35:06","guid":{"rendered":"http:\/\/caririemacao.com\/1\/?p=33558"},"modified":"2017-11-19T10:35:06","modified_gmt":"2017-11-19T13:35:06","slug":"eleicao-nao-e-mais-compadrio-de-cupula-nao-diz-ricardo-sobre-chances-de-uniao-entre-psb-e-pmdb-em-2018","status":"publish","type":"post","link":"https:\/\/www.caririemacao.com\/1\/2017\/11\/19\/eleicao-nao-e-mais-compadrio-de-cupula-nao-diz-ricardo-sobre-chances-de-uniao-entre-psb-e-pmdb-em-2018\/","title":{"rendered":"\u201cElei\u00e7\u00e3o n\u00e3o \u00e9 mais compadrio de c\u00fapula, n\u00e3o\u201d, diz Ricardo sobre chances de uni\u00e3o entre PSB e PMDB em 2018"},"content":{"rendered":"<p>O governador Ricardo Coutinho (PSB) n\u00e3o est\u00e1 muito preocupado com as estrat\u00e9gias pol\u00edticas que precisa fazer para conseguir a vit\u00f3ria de Jo\u00e3o Azevedo nas elei\u00e7\u00f5es do pr\u00f3ximo ano. Ao menos \u00e9 o que transparece em seu discurso. Questionado sobre se ele ainda nutre esperan\u00e7as de ter o PMDB como aliado em 2018, Ricardo foi enf\u00e1tico.<\/p>\n<p>\u201cEu n\u00e3o estou pensando nisso, deixa a \u00e1gua rolar por debaixo da ponte, agora \u00e9 hora de trabalhar. Quem n\u00e3o tem trabalho fica ocupando espa\u00e7o com factoides da pol\u00edtica. O importante \u00e9 que as pessoas est\u00e3o bastantes atentas. Basta andar por a\u00ed, sentar no banco de uma pra\u00e7a, observar as redes sociais, para ver que as pessoas est\u00e3o atentas. Elei\u00e7\u00e3o n\u00e3o \u00e9 mais compadrio de c\u00fapula, n\u00e3o\u201d, declarou.<\/p>\n<p>Ricardo ainda ressaltou que as elei\u00e7\u00f5es do pr\u00f3ximo ano ter\u00e3o como fator determinante a compara\u00e7\u00e3o entre gest\u00f5es.<\/p>\n<p>\u201cElei\u00e7\u00e3o tem que ser disputa na plan\u00edcie popular, com o povo, para saber se aquelas pessoas que passaram 50 anos sem ter direito a uma estrada e ficavam no isolamento, se essas pessoas querem aqueles ou se querem esse novo momento de mudan\u00e7as que n\u00f3s estamos vivendo. A elei\u00e7\u00e3o vai ser perguntar aos pais, m\u00e3es e estudantes se eles querem a educa\u00e7\u00e3o de hoje ou se querem aquela de antigamente. Essa \u00e9 a Para\u00edba de hoje, n\u00e3o a Para\u00edba daquele grupo que ali pensando no poder pelo poder. Nossa hist\u00f3ria \u00e9 outra. Isso vai ser decidido em 2018. Quem n\u00e3o tem o que dizer, trabalhar, nem como justificar as incoer\u00eancias pol\u00edticas de sua vida, vai ficar numa situa\u00e7\u00e3o bastante delicada\u201d, afirmou.<\/p>\n<p><strong>CARIRI EM A\u00c7\u00c3O<\/strong><\/p>\n<p><em>Com Blog do Gordinho\/Foto: Google\u00a0\u00a0 <\/em><\/p>\n<p><strong>Leia mais not\u00edcias em\u00a0<\/strong><a href=\"http:\/\/www.caririemacao.com\/\"><strong>caririemacao.com<\/strong><\/a><strong>, siga nossa p\u00e1gina no\u00a0<\/strong><a href=\"https:\/\/www.facebook.com\/CaririEmAcao\/?ref=aymt_homepage_panel\"><strong>Facebook<\/strong><\/a>,<strong>\u00a0<\/strong><a href=\"https:\/\/www.instagram.com\/cariri_em_acao\/?hl=pt-br\"><strong>Instagram<\/strong><\/a><strong>\u00a0e <\/strong><a href=\"https:\/\/www.youtube.com\/channel\/UCAptA0jQuYQy8vMhLt2m4qg\"><strong>Youtube<\/strong><\/a><strong>\u00a0e veja nossas mat\u00e9rias, v\u00eddeos e fotos. Voc\u00ea tamb\u00e9m pode enviar informa\u00e7\u00f5es \u00e0 Reda\u00e7\u00e3o do Portal Cariri em A\u00e7\u00e3o pelo WhatsApp (83) 9 9634.5791, (83) 9 9601-1162.<\/strong><\/p>\n","protected":false},"excerpt":{"rendered":"<p>O governador Ricardo Coutinho (PSB) n\u00e3o est\u00e1 muito preocupado com as estrat\u00e9gias pol\u00edticas que precisa fazer para conseguir a vit\u00f3ria de Jo\u00e3o Azevedo nas elei\u00e7\u00f5es&hellip; <\/p>\n","protected":false},"author":2,"featured_media":11878,"comment_status":"closed","ping_status":"closed","sticky":false,"template":"","format":"standard","meta":{"sfsi_plus_gutenberg_text_before_share":"","sfsi_plus_gutenberg_show_text_before_share":"","sfsi_plus_gutenberg_icon_type":"","sfsi_plus_gutenberg_icon_alignemt":"","sfsi_plus_gutenburg_max_per_row":"","footnotes":""},"categories":[1],"tags":[],"class_list":["post-33558","post","type-post","status-publish","format-standard","has-post-thumbnail","hentry","category-o-site"],"_links":{"self":[{"href":"https:\/\/www.caririemacao.com\/1\/wp-json\/wp\/v2\/posts\/33558","targetHints":{"allow":["GET"]}}],"collection":[{"href":"https:\/\/www.caririemacao.com\/1\/wp-json\/wp\/v2\/posts"}],"about":[{"href":"https:\/\/www.caririemacao.com\/1\/wp-json\/wp\/v2\/types\/post"}],"author":[{"embeddable":true,"href":"https:\/\/www.caririemacao.com\/1\/wp-json\/wp\/v2\/users\/2"}],"replies":[{"embeddable":true,"href":"https:\/\/www.caririemacao.com\/1\/wp-json\/wp\/v2\/comments?post=33558"}],"version-history":[{"count":0,"href":"https:\/\/www.caririemacao.com\/1\/wp-json\/wp\/v2\/posts\/33558\/revisions"}],"wp:featuredmedia":[{"embeddable":true,"href":"https:\/\/www.caririemacao.com\/1\/wp-json\/wp\/v2\/media\/11878"}],"wp:attachment":[{"href":"https:\/\/www.caririemacao.com\/1\/wp-json\/wp\/v2\/media?parent=33558"}],"wp:term":[{"taxonomy":"category","embeddable":true,"href":"https:\/\/www.caririemacao.com\/1\/wp-json\/wp\/v2\/categories?post=33558"},{"taxonomy":"post_tag","embeddable":true,"href":"https:\/\/www.caririemacao.com\/1\/wp-json\/wp\/v2\/tags?post=33558"}],"curies":[{"name":"wp","href":"https:\/\/api.w.org\/{rel}","templated":true}]}}