{"id":33559,"date":"2017-11-19T10:37:23","date_gmt":"2017-11-19T13:37:23","guid":{"rendered":"http:\/\/caririemacao.com\/1\/?p=33559"},"modified":"2017-11-19T10:37:23","modified_gmt":"2017-11-19T13:37:23","slug":"desde-fhc-temer-e-o-presidente-que-em-media-mais-edita-medidas-provisorias","status":"publish","type":"post","link":"https:\/\/www.caririemacao.com\/1\/2017\/11\/19\/desde-fhc-temer-e-o-presidente-que-em-media-mais-edita-medidas-provisorias\/","title":{"rendered":"Desde FHC, Temer \u00e9 o presidente que, em m\u00e9dia, mais edita medidas provis\u00f3rias"},"content":{"rendered":"<div class=\"mc-column content-text active-extra-styles active-capital-letter\" data-block-type=\"unstyled\" data-block-weight=\"38\" data-block-id=\"2\">\n<p class=\"content-text__container theme-color-primary-first-letter\" data-track-category=\"Link no Texto\" data-track-links=\"\">Levantamento da\u00a0C\u00e2mara dos Deputados\u00a0aponta que\u00a0Michel Temer\u00a0\u00e9 o presidente da Rep\u00fablica que, proporcionalmente ao tempo de governo, mais editou medidas provis\u00f3rias (MPs) desde 1995, quando se iniciou o primeiro mandato do ex-presidente Fernando Henrique Cardoso.<\/p>\n<\/div>\n<div class=\"mc-column content-text active-extra-styles \" data-block-type=\"unstyled\" data-block-weight=\"52\" data-block-id=\"3\">\n<p class=\"content-text__container \" data-track-category=\"Link no Texto\" data-track-links=\"\">Ap\u00f3s a Constitui\u00e7\u00e3o de 1988, somente Jos\u00e9 Sarney e Itamar Franco usaram o recurso mais vezes que Temer. O atual presidente editou 83 MPs \u2013 em m\u00e9dia, uma a cada 6,5 dias de governo. Itamar Franco fez em m\u00e9dia uma MP a cada 5,7 dias e Sarney, uma a cada 5,8 dias.<\/p>\n<\/div>\n<div class=\"mc-column content-text active-extra-styles \" data-block-type=\"unstyled\" data-block-weight=\"68\" data-block-id=\"4\">\n<p class=\"content-text__container \" data-track-category=\"Link no Texto\" data-track-links=\"\">O excesso de MPs editadas por Michel Temer tem sido alvo de cr\u00edticas de congressistas, dentre os quais o presidente da C\u00e2mara,\u00a0Rodrigo Maia\u00a0(DEM-RJ). Eles querem que o Executivo recorra menos a MPs e envie ao Congresso mais propostas na forma de projetos de lei. O governo recorre \u00e0s MPs porque entram em vigor de imediato e t\u00eam tramita\u00e7\u00e3o mais r\u00e1pida que a dos projetos de lei.<\/p>\n<\/div>\n<div class=\"mc-column content-text active-extra-styles \" data-block-type=\"unstyled\" data-block-weight=\"42\" data-block-id=\"5\">\n<p class=\"content-text__container \" data-track-category=\"Link no Texto\" data-track-links=\"\">Segundo a Constitui\u00e7\u00e3o, as MPs devem ser utilizadas somente em quest\u00f5es de car\u00e1ter urgente e relevante. A partir da publica\u00e7\u00e3o, a MP passa a ter efic\u00e1cia imediata e tem prazo de at\u00e9 120 dias para ser votada na\u00a0C\u00e2mara\u00a0e no\u00a0Senado.<\/p>\n<\/div>\n<div class=\"mc-column content-text active-extra-styles \" data-block-type=\"unstyled\" data-block-weight=\"42\" data-block-id=\"6\">\n<p class=\"content-text__container \" data-track-category=\"Link no Texto\" data-track-links=\"\">Al\u00e9m disso, ap\u00f3s 45 dias, uma medida provis\u00f3ria passa a trancar a pauta da Casa em que estiver tramitando. \u00c9 justamente por isso que os parlamentares t\u00eam feito cr\u00edticas ao envio de MPs \u2013 porque isso atrasa a an\u00e1lise de outros projetos.<\/p>\n<\/div>\n<div class=\"row medium-uncollapsed content-text\">\n<div class=\"column medium-centered medium-22 large-20\">\n<div class=\"show-table\">\n<p class=\"mc-column show-table__title\">Envio de medidas provis\u00f3rias ao Congresso<\/p>\n<div class=\"show-table__centralized\">\n<div class=\"show-table__container\">\n<table class=\"show-table__content show-table__content--highlight-top \">\n<tbody>\n<tr>\n<td>Presidente<\/td>\n<td>Per\u00edodo<\/td>\n<td>N\u00famero de MPs<\/td>\n<td>Propor\u00e7\u00e3o<\/td>\n<\/tr>\n<tr>\n<td>Jos\u00e9 Sarney<\/td>\n<td>24 meses<\/td>\n<td>125<\/td>\n<td>Uma a cada 5,8 dias<\/td>\n<\/tr>\n<tr>\n<td>Fernando Collor<\/td>\n<td>31 meses<\/td>\n<td>89<\/td>\n<td>Uma a cada 10,4 dias<\/td>\n<\/tr>\n<tr>\n<td>Itamar Franco<\/td>\n<td>27 meses<\/td>\n<td>142<\/td>\n<td>Uma a cada 5,7 dias<\/td>\n<\/tr>\n<tr>\n<td>Fernando Henrique Cardoso<\/td>\n<td>96 meses<\/td>\n<td>365<\/td>\n<td>Uma a cada 7,8 dias<\/td>\n<\/tr>\n<tr>\n<td>Luiz In\u00e1cio Lula da Silva<\/td>\n<td>96 meses<\/td>\n<td>419<\/td>\n<td>Uma a cada 6,8 dias<\/td>\n<\/tr>\n<tr>\n<td>Dilma Rousseff<\/td>\n<td>62 meses e 11 dias<\/td>\n<td>204<\/td>\n<td>Uma a cada 9,17 dias<\/td>\n<\/tr>\n<tr>\n<td>Michel Temer<\/td>\n<td>18 meses<\/td>\n<td>83<\/td>\n<td>Uma a cada 6,5 dias<\/td>\n<\/tr>\n<\/tbody>\n<\/table>\n<\/div>\n<div class=\"show-table__footer\">\n<div class=\"show-table__source\">Fonte: C\u00e2mara dos Deputados<\/div>\n<\/div>\n<\/div>\n<\/div>\n<\/div>\n<\/div>\n<div class=\"content-ads content-ads--reveal\" data-block-type=\"ads\" data-block-id=\"7\"><\/div>\n<div class=\"mc-column content-text active-extra-styles\" data-block-type=\"raw\" data-block-weight=\"3\" data-block-id=\"8\">\n<div class=\"content-intertitle\">\n<p><strong>Envio de MPs<\/strong><\/p>\n<\/div>\n<\/div>\n<div class=\"mc-column content-text active-extra-styles \" data-block-type=\"unstyled\" data-block-weight=\"40\" data-block-id=\"9\">\n<p class=\"content-text__container \" data-track-category=\"Link no Texto\" data-track-links=\"\">Temer assumiu o comando do Pal\u00e1cio do Planalto em maio de 2016, depois que o\u00a0Senado abriu o processo de impeachment de Dilma Rousseff.\u00a0Desde ent\u00e3o, o peemedebista editou 83 MPs, m\u00e9dia de uma a cada 6,5 dias de governo.<\/p>\n<\/div>\n<div class=\"mc-column content-text active-extra-styles \" data-block-type=\"unstyled\" data-block-weight=\"17\" data-block-id=\"10\">\n<p class=\"content-text__container \" data-track-category=\"Link no Texto\" data-track-links=\"\">Para efeito de compara\u00e7\u00e3o, a antecessora Dilma Rousseff editou, em m\u00e9dia, uma MP a cada 9,1 dias.<\/p>\n<\/div>\n<div class=\"mc-column content-text active-extra-styles \" data-block-type=\"unstyled\" data-block-weight=\"52\" data-block-id=\"11\">\n<p class=\"content-text__container \" data-track-category=\"Link no Texto\" data-track-links=\"\">Itamar Franco \u2013 que substituiu Fernando Collor, tamb\u00e9m ap\u00f3s processo de impeachment \u2013 encaminhou ao Congresso, em m\u00e9dia, uma MP a cada 5,7 dias, n\u00famero pr\u00f3ximo ao do governo de Jos\u00e9 Sarney (uma a cada 5,8 dias). Os dois ex-presidentes s\u00e3o os que mais utilizaram esse instrumento desde a Constitui\u00e7\u00e3o de 1988.<\/p>\n<\/div>\n<div class=\"mc-column content-text active-extra-styles \" data-block-type=\"unstyled\" data-block-weight=\"23\" data-block-id=\"12\">\n<p class=\"content-text__container \" data-track-category=\"Link no Texto\" data-track-links=\"\">Luiz In\u00e1cio Lula da Silva editou, em m\u00e9dia, uma MP a cada 6,8 dias e Fernando Henrique Cardoso, uma a cada 7,8 dias.<\/p>\n<\/div>\n<div class=\"mc-column content-text active-extra-styles\" data-block-type=\"raw\" data-block-weight=\"1\" data-block-id=\"14\">\n<div class=\"content-intertitle\">\n<p><strong>Cr\u00edticas<\/strong><\/p>\n<\/div>\n<\/div>\n<div class=\"mc-column content-text active-extra-styles \" data-block-type=\"unstyled\" data-block-weight=\"16\" data-block-id=\"15\">\n<p class=\"content-text__container \" data-track-category=\"Link no Texto\" data-track-links=\"\">Na \u00faltima ter\u00e7a-feira (14),\u00a0Temer editou a 83\u00aa medida\u00a0desde que assumiu o Pal\u00e1cio do Planalto.<\/p>\n<\/div>\n<div class=\"mc-column content-text active-extra-styles \" data-block-type=\"unstyled\" data-block-weight=\"40\" data-block-id=\"16\">\n<p class=\"content-text__container \" data-track-category=\"Link no Texto\" data-track-links=\"\">Logo ap\u00f3s a divulga\u00e7\u00e3o da medida, que promove ajustes na legisla\u00e7\u00e3o trabalhista, Rodrigo Maia\u00a0afirmou que a atitude de Temer era um erro. O presidente decidiu fazer os ajustes por MP em vez de projeto de lei, como defendia Maia.<\/p>\n<\/div>\n<div class=\"mc-column content-text active-extra-styles \" data-block-type=\"unstyled\" data-block-weight=\"32\" data-block-id=\"17\">\n<p class=\"content-text__container \" data-track-category=\"Link no Texto\" data-track-links=\"\">Com a medida, Temer atendeu a press\u00f5es de senadores que fizeram um\u00a0acordo com o l\u00edder do governo, Romero Juc\u00e1 (PMDB-RR), para que os pontos controversos da reforma fossem modificados por MP.<\/p>\n<\/div>\n<div class=\"mc-column content-text active-extra-styles \" data-block-type=\"unstyled\" data-block-weight=\"16\" data-block-id=\"19\">\n<p class=\"content-text__container \" data-track-category=\"Link no Texto\" data-track-links=\"\">\u201cEst\u00e3o errando muito. A C\u00e2mara n\u00e3o participou desse acordo e isso enfraquece o parlamento\u201d, opinou Maia.<\/p>\n<\/div>\n<div class=\"mc-column content-text active-extra-styles \" data-block-type=\"unstyled\" data-block-weight=\"34\" data-block-id=\"20\">\n<p class=\"content-text__container \" data-track-category=\"Link no Texto\" data-track-links=\"\">O presidente do Senado, Eun\u00edcio Oliveira (PMDB-CE), apesar de ter\u00a0defendido que os ajustes \u00e0 reforma trabalhista fossem feitos por MP\u00a0conforme o acordo, tamb\u00e9m j\u00e1 criticou o Planalto pela utiliza\u00e7\u00e3o excessiva do recurso.<\/p>\n<\/div>\n<div data-track-category=\"fim do conteudo\" data-track-action=\"ultimo chunk conteudo\" data-track-noninteraction=\"false\" data-track-scroll=\"entrada completa viewport\">\n<div class=\"mc-column content-text active-extra-styles \" data-block-type=\"unstyled\" data-block-weight=\"45\" data-block-id=\"21\">\n<p class=\"content-text__container \" data-track-category=\"Link no Texto\" data-track-links=\"\">\u201cNenhum pa\u00eds do mundo, que leve a s\u00e9rio seu parlamento, edita 50 medidas provis\u00f3rias por ano. N\u00e3o h\u00e1 urg\u00eancia nem relev\u00e2ncia que expliquem esse excesso. Por que n\u00e3o trocar uma medida provis\u00f3ria por um projeto de lei com urg\u00eancia constitucional?\u201d, questionou durante sess\u00e3o no Senado.<\/p>\n<p><strong>CARIRI EM A\u00c7\u00c3O<\/strong><\/p>\n<p><em>Com G1 \/Foto: <\/em><em>Google\u00a0\u00a0 <\/em><\/p>\n<p><strong>Leia mais not\u00edcias em\u00a0<\/strong><a href=\"http:\/\/www.caririemacao.com\/\"><strong>caririemacao.com<\/strong><\/a><strong>, siga nossa p\u00e1gina no\u00a0<\/strong><a href=\"https:\/\/www.facebook.com\/CaririEmAcao\/?ref=aymt_homepage_panel\"><strong>Facebook<\/strong><\/a>,<strong>\u00a0<\/strong><a href=\"https:\/\/www.instagram.com\/cariri_em_acao\/?hl=pt-br\"><strong>Instagram<\/strong><\/a><strong>\u00a0e <\/strong><a href=\"https:\/\/www.youtube.com\/channel\/UCAptA0jQuYQy8vMhLt2m4qg\"><strong>Youtube<\/strong><\/a><strong>\u00a0e veja nossas mat\u00e9rias, v\u00eddeos e fotos. Voc\u00ea tamb\u00e9m pode enviar informa\u00e7\u00f5es \u00e0 Reda\u00e7\u00e3o do Portal Cariri em A\u00e7\u00e3o pelo WhatsApp (83) 9 9634.5791, (83) 9 9601-1162.<\/strong><\/p>\n<\/div>\n<\/div>\n","protected":false},"excerpt":{"rendered":"<p>Levantamento da\u00a0C\u00e2mara dos Deputados\u00a0aponta que\u00a0Michel Temer\u00a0\u00e9 o presidente da Rep\u00fablica que, proporcionalmente ao tempo de governo, mais editou medidas provis\u00f3rias (MPs) desde 1995, quando se&hellip; <\/p>\n","protected":false},"author":2,"featured_media":23671,"comment_status":"closed","ping_status":"closed","sticky":false,"template":"","format":"standard","meta":{"sfsi_plus_gutenberg_text_before_share":"","sfsi_plus_gutenberg_show_text_before_share":"","sfsi_plus_gutenberg_icon_type":"","sfsi_plus_gutenberg_icon_alignemt":"","sfsi_plus_gutenburg_max_per_row":"","footnotes":""},"categories":[11],"tags":[],"class_list":["post-33559","post","type-post","status-publish","format-standard","has-post-thumbnail","hentry","category-politica"],"_links":{"self":[{"href":"https:\/\/www.caririemacao.com\/1\/wp-json\/wp\/v2\/posts\/33559","targetHints":{"allow":["GET"]}}],"collection":[{"href":"https:\/\/www.caririemacao.com\/1\/wp-json\/wp\/v2\/posts"}],"about":[{"href":"https:\/\/www.caririemacao.com\/1\/wp-json\/wp\/v2\/types\/post"}],"author":[{"embeddable":true,"href":"https:\/\/www.caririemacao.com\/1\/wp-json\/wp\/v2\/users\/2"}],"replies":[{"embeddable":true,"href":"https:\/\/www.caririemacao.com\/1\/wp-json\/wp\/v2\/comments?post=33559"}],"version-history":[{"count":0,"href":"https:\/\/www.caririemacao.com\/1\/wp-json\/wp\/v2\/posts\/33559\/revisions"}],"wp:featuredmedia":[{"embeddable":true,"href":"https:\/\/www.caririemacao.com\/1\/wp-json\/wp\/v2\/media\/23671"}],"wp:attachment":[{"href":"https:\/\/www.caririemacao.com\/1\/wp-json\/wp\/v2\/media?parent=33559"}],"wp:term":[{"taxonomy":"category","embeddable":true,"href":"https:\/\/www.caririemacao.com\/1\/wp-json\/wp\/v2\/categories?post=33559"},{"taxonomy":"post_tag","embeddable":true,"href":"https:\/\/www.caririemacao.com\/1\/wp-json\/wp\/v2\/tags?post=33559"}],"curies":[{"name":"wp","href":"https:\/\/api.w.org\/{rel}","templated":true}]}}