{"id":33561,"date":"2017-11-19T10:40:10","date_gmt":"2017-11-19T13:40:10","guid":{"rendered":"http:\/\/caririemacao.com\/1\/?p=33561"},"modified":"2017-11-19T10:40:10","modified_gmt":"2017-11-19T13:40:10","slug":"joaquim-barbosa-dara-resposta-ao-psb-depois-de-longa-viagem-ao-exterior","status":"publish","type":"post","link":"https:\/\/www.caririemacao.com\/1\/2017\/11\/19\/joaquim-barbosa-dara-resposta-ao-psb-depois-de-longa-viagem-ao-exterior\/","title":{"rendered":"Joaquim Barbosa dar\u00e1 resposta ao PSB depois de longa viagem ao exterior"},"content":{"rendered":"<p>Mesmo elogiando o PSB em conversas com interlocutores (&#8220;Os partidos no Brasil t\u00eam donos; o PSB me parece n\u00e3o ter&#8221;),\u00a0<strong>Joaquim Barbosa<\/strong>\u00a0s\u00f3 aceitar\u00e1 ser o candidato a presidente da Rep\u00fablica com carta branca.<\/p>\n<p>O ex-presidente do Supremo se encontrou com os chefes da legenda no dia 8, em Bras\u00edlia. Disse a eles que n\u00e3o se interessa &#8220;em ser vice de ningu\u00e9m&#8221;.<\/p>\n<p>Barbosa acredita que uma alian\u00e7a com a Rede pode resultar numa chapa harm\u00f4nica \u2014 ser\u00e1 que com Marina Silva de sua vice?<\/p>\n<p>Barbosa ainda repete a interlocutores que sua tend\u00eancia \u00e9 n\u00e3o ser candidato a nada (&#8220;preciso refletir se estou disposto a uma mudan\u00e7a t\u00e3o radical na minha vida&#8221;), mas o fato \u00e9 que nunca esteve t\u00e3o aberto a discutir a possibilidade.<\/p>\n<p>Ao PSB disse que far\u00e1 agora uma longa viagem ao exterior. E prometeu dar uma resposta definitiva entre &#8220;final de janeiro e in\u00edcio de fevereiro&#8221;.<\/p>\n<p><strong>CARIRI EM A\u00c7\u00c3O<\/strong><\/p>\n<p><em>Com O Globo \/Foto:, Google\u00a0\u00a0 <\/em><\/p>\n<p><strong>Leia mais not\u00edcias em\u00a0<\/strong><a href=\"http:\/\/www.caririemacao.com\/\"><strong>caririemacao.com<\/strong><\/a><strong>, siga nossa p\u00e1gina no\u00a0<\/strong><a href=\"https:\/\/www.facebook.com\/CaririEmAcao\/?ref=aymt_homepage_panel\"><strong>Facebook<\/strong><\/a>,<strong>\u00a0<\/strong><a href=\"https:\/\/www.instagram.com\/cariri_em_acao\/?hl=pt-br\"><strong>Instagram<\/strong><\/a><strong>\u00a0e <\/strong><a href=\"https:\/\/www.youtube.com\/channel\/UCAptA0jQuYQy8vMhLt2m4qg\"><strong>Youtube<\/strong><\/a><strong>\u00a0e veja nossas mat\u00e9rias, v\u00eddeos e fotos. Voc\u00ea tamb\u00e9m pode enviar informa\u00e7\u00f5es \u00e0 Reda\u00e7\u00e3o do Portal Cariri em A\u00e7\u00e3o pelo WhatsApp (83) 9 9634.5791, (83) 9 9601-1162.<\/strong><\/p>\n","protected":false},"excerpt":{"rendered":"<p>Mesmo elogiando o PSB em conversas com interlocutores (&#8220;Os partidos no Brasil t\u00eam donos; o PSB me parece n\u00e3o ter&#8221;),\u00a0Joaquim Barbosa\u00a0s\u00f3 aceitar\u00e1 ser o candidato&hellip; <\/p>\n","protected":false},"author":2,"featured_media":33504,"comment_status":"closed","ping_status":"closed","sticky":false,"template":"","format":"standard","meta":{"sfsi_plus_gutenberg_text_before_share":"","sfsi_plus_gutenberg_show_text_before_share":"","sfsi_plus_gutenberg_icon_type":"","sfsi_plus_gutenberg_icon_alignemt":"","sfsi_plus_gutenburg_max_per_row":"","footnotes":""},"categories":[11],"tags":[],"class_list":["post-33561","post","type-post","status-publish","format-standard","has-post-thumbnail","hentry","category-politica"],"_links":{"self":[{"href":"https:\/\/www.caririemacao.com\/1\/wp-json\/wp\/v2\/posts\/33561","targetHints":{"allow":["GET"]}}],"collection":[{"href":"https:\/\/www.caririemacao.com\/1\/wp-json\/wp\/v2\/posts"}],"about":[{"href":"https:\/\/www.caririemacao.com\/1\/wp-json\/wp\/v2\/types\/post"}],"author":[{"embeddable":true,"href":"https:\/\/www.caririemacao.com\/1\/wp-json\/wp\/v2\/users\/2"}],"replies":[{"embeddable":true,"href":"https:\/\/www.caririemacao.com\/1\/wp-json\/wp\/v2\/comments?post=33561"}],"version-history":[{"count":0,"href":"https:\/\/www.caririemacao.com\/1\/wp-json\/wp\/v2\/posts\/33561\/revisions"}],"wp:featuredmedia":[{"embeddable":true,"href":"https:\/\/www.caririemacao.com\/1\/wp-json\/wp\/v2\/media\/33504"}],"wp:attachment":[{"href":"https:\/\/www.caririemacao.com\/1\/wp-json\/wp\/v2\/media?parent=33561"}],"wp:term":[{"taxonomy":"category","embeddable":true,"href":"https:\/\/www.caririemacao.com\/1\/wp-json\/wp\/v2\/categories?post=33561"},{"taxonomy":"post_tag","embeddable":true,"href":"https:\/\/www.caririemacao.com\/1\/wp-json\/wp\/v2\/tags?post=33561"}],"curies":[{"name":"wp","href":"https:\/\/api.w.org\/{rel}","templated":true}]}}