{"id":33564,"date":"2017-11-19T10:44:37","date_gmt":"2017-11-19T13:44:37","guid":{"rendered":"http:\/\/caririemacao.com\/1\/?p=33564"},"modified":"2017-11-19T10:44:37","modified_gmt":"2017-11-19T13:44:37","slug":"paraibano-fica-fora-de-ministerio-das-cidades-e-temer-indica-amigo-de-maia","status":"publish","type":"post","link":"https:\/\/www.caririemacao.com\/1\/2017\/11\/19\/paraibano-fica-fora-de-ministerio-das-cidades-e-temer-indica-amigo-de-maia\/","title":{"rendered":"Paraibano fica fora de Minist\u00e9rio das Cidades e Temer indica amigo de Maia"},"content":{"rendered":"<p>O presidente Michel Temer colocar\u00e1 o deputado Alexandre Baldy (GO) no Minist\u00e9rio das Cidades e n\u00e3o o paraibano Agnaldo Ribeiro, como era esperado. A decis\u00e3o ocorreu durante encontro com o presidente da C\u00e2mara, deputado Rodrigo Maia (DEM-RJ), amigo Baldy. A Pasta \u00e9 cobi\u00e7ada pelos partidos, devido ao seu or\u00e7amento.<\/p>\n<p>Baldy era do Podemos, mas foi indicado pelo PP. H\u00e1 ainda a possibilidade de ir para o PMDB. Segundo um ministro, Temer decidiu a quest\u00e3o. Pela manh\u00e3, Temer esteve com o ministro das Comunica\u00e7\u00f5es, Gilberto Kassab (PSD), que poderia trocar a Pasta por Cidades.<\/p>\n<p>Mas a escolha de Baldy, segundo um interlocutor de Temer, j\u00e1 \u00e9 decis\u00e3o.<\/p>\n<p>Baldy ganhou notoriedade ao ser relator do projeto que tratou da repatria\u00e7\u00e3o de recursos ao exterior. Ele \u00e9 do grupo que costuma frequentar a resid\u00eancia do presidente Rodrigo Maia.<\/p>\n<p>Al\u00e9m disso, o pr\u00f3prio Temer foi a um jantar na resid\u00eancia de Baldy, no dia 9 de junho. Na ocasi\u00e3o, Temer disse que tinha certeza de que sairia vitorioso ainda na vota\u00e7\u00e3o da primeira den\u00fancia do Minist\u00e9rio P\u00fablico contra ele. O jantar foi organizado como festa de anivers\u00e1rio de Rodrigo Maia.<\/p>\n<p>Baldy, assim, ser\u00e1 o substituto de Bruno Ara\u00fajo, que integrou o desembarque de parte dos tucanos do governo de Michel Temer. O ex-ministro pediu demiss\u00e3o na \u00faltima segunda.<\/p>\n<p><strong>CARIRI EM A\u00c7\u00c3O<\/strong><\/p>\n<p><em>Com P. Para\u00edba\/Foto:Google\u00a0\u00a0 <\/em><\/p>\n<p><strong>Leia mais not\u00edcias em\u00a0<\/strong><a href=\"http:\/\/www.caririemacao.com\/\"><strong>caririemacao.com<\/strong><\/a><strong>, siga nossa p\u00e1gina no\u00a0<\/strong><a href=\"https:\/\/www.facebook.com\/CaririEmAcao\/?ref=aymt_homepage_panel\"><strong>Facebook<\/strong><\/a>,<strong>\u00a0<\/strong><a href=\"https:\/\/www.instagram.com\/cariri_em_acao\/?hl=pt-br\"><strong>Instagram<\/strong><\/a><strong>\u00a0e <\/strong><a href=\"https:\/\/www.youtube.com\/channel\/UCAptA0jQuYQy8vMhLt2m4qg\"><strong>Youtube<\/strong><\/a><strong>\u00a0e veja nossas mat\u00e9rias, v\u00eddeos e fotos. Voc\u00ea tamb\u00e9m pode enviar informa\u00e7\u00f5es \u00e0 Reda\u00e7\u00e3o do Portal Cariri em A\u00e7\u00e3o pelo WhatsApp (83) 9 9634.5791, (83) 9 9601-1162.<\/strong><\/p>\n","protected":false},"excerpt":{"rendered":"<p>O presidente Michel Temer colocar\u00e1 o deputado Alexandre Baldy (GO) no Minist\u00e9rio das Cidades e n\u00e3o o paraibano Agnaldo Ribeiro, como era esperado. A decis\u00e3o&hellip; <\/p>\n","protected":false},"author":2,"featured_media":33566,"comment_status":"closed","ping_status":"closed","sticky":false,"template":"","format":"standard","meta":{"sfsi_plus_gutenberg_text_before_share":"","sfsi_plus_gutenberg_show_text_before_share":"","sfsi_plus_gutenberg_icon_type":"","sfsi_plus_gutenberg_icon_alignemt":"","sfsi_plus_gutenburg_max_per_row":"","footnotes":""},"categories":[11],"tags":[],"class_list":["post-33564","post","type-post","status-publish","format-standard","has-post-thumbnail","hentry","category-politica"],"_links":{"self":[{"href":"https:\/\/www.caririemacao.com\/1\/wp-json\/wp\/v2\/posts\/33564","targetHints":{"allow":["GET"]}}],"collection":[{"href":"https:\/\/www.caririemacao.com\/1\/wp-json\/wp\/v2\/posts"}],"about":[{"href":"https:\/\/www.caririemacao.com\/1\/wp-json\/wp\/v2\/types\/post"}],"author":[{"embeddable":true,"href":"https:\/\/www.caririemacao.com\/1\/wp-json\/wp\/v2\/users\/2"}],"replies":[{"embeddable":true,"href":"https:\/\/www.caririemacao.com\/1\/wp-json\/wp\/v2\/comments?post=33564"}],"version-history":[{"count":0,"href":"https:\/\/www.caririemacao.com\/1\/wp-json\/wp\/v2\/posts\/33564\/revisions"}],"wp:featuredmedia":[{"embeddable":true,"href":"https:\/\/www.caririemacao.com\/1\/wp-json\/wp\/v2\/media\/33566"}],"wp:attachment":[{"href":"https:\/\/www.caririemacao.com\/1\/wp-json\/wp\/v2\/media?parent=33564"}],"wp:term":[{"taxonomy":"category","embeddable":true,"href":"https:\/\/www.caririemacao.com\/1\/wp-json\/wp\/v2\/categories?post=33564"},{"taxonomy":"post_tag","embeddable":true,"href":"https:\/\/www.caririemacao.com\/1\/wp-json\/wp\/v2\/tags?post=33564"}],"curies":[{"name":"wp","href":"https:\/\/api.w.org\/{rel}","templated":true}]}}