{"id":33565,"date":"2017-11-19T10:51:58","date_gmt":"2017-11-19T13:51:58","guid":{"rendered":"http:\/\/caririemacao.com\/1\/?p=33565"},"modified":"2017-11-19T10:51:58","modified_gmt":"2017-11-19T13:51:58","slug":"brasil-oferece-avioes-e-navios-para-buscas-por-submarino-argentino","status":"publish","type":"post","link":"https:\/\/www.caririemacao.com\/1\/2017\/11\/19\/brasil-oferece-avioes-e-navios-para-buscas-por-submarino-argentino\/","title":{"rendered":"Brasil oferece avi\u00f5es e navios para buscas por submarino argentino"},"content":{"rendered":"<div>O ministro da Defesa, Raul Jungmann, informou neste s\u00e1bado que a For\u00e7a A\u00e9rea Brasileira (FAB) e a Marinha disponibilizaram dois avi\u00f5es e tr\u00eas navios para ajudar nas buscas pelo submarino argentino ARA San Juan, que est\u00e1 desaparecido desde a \u00faltima quarta-feira (15).<\/div>\n<div><\/div>\n<div>Um avi\u00e3o modelo C-105, dotado de &#8220;modernos equipamentos&#8221; SAR (sigla do ingl\u00eas Search and Rescue &#8211; Busca e Salvamento), j\u00e1 est\u00e1 auxiliando nas buscas, apontou o ministro brasileiro em sua conta oficial no Twitter. A outra aeronave, modelo P-3, ser\u00e1 enviada neste domingo (19), relatou Jungmann.<\/div>\n<div><\/div>\n<div>J\u00e1 os navios brasileiros disponibilizados, escreveu o ministro, s\u00e3o a fragata Rademaker, o navio polar Maximiano e o navio socorro submarino Filinto Perry. De acordo com Jungmann as tr\u00eas embarca\u00e7\u00f5es enviadas pela Marinha j\u00e1 est\u00e3o auxiliando nas buscas.<\/div>\n<div><\/div>\n<div>O submarino argentino se perdeu em algum ponto da costa Argentina, na altura do golfo de San Jorge, quando ia da Base Naval de Ushuaia, no sul do pa\u00eds, ao seu atracadouro habitual, na Base Naval de Mar del Plata. A embarca\u00e7\u00e3o navega com 44 tripulantes.<\/div>\n<div><\/div>\n<div>A busca pelo submarino se intensificou desde sexta-feira. Ao menos duas aeronaves e tr\u00eas embarca\u00e7\u00f5es vasculham uma \u00e1rea de 300 quil\u00f4metros por sinais do submarino. As For\u00e7as Armadas acreditam que ele esteja a 430 quil\u00f4metros do ponto mais pr\u00f3ximo da costa a sudeste da pen\u00ednsula de Vald\u00e9s, na prov\u00edncia de Chubut.<\/div>\n<div><\/div>\n<div>De acordo com o protocolo de busca, no caso de estar com dificuldades ou problemas de comunica\u00e7\u00e3o, o submarino deve voltar \u00e0 superf\u00edcie para favorecer o contato visual e facilitar a busca.<\/div>\n<div>\n<p><strong>CARIRI EM A\u00c7\u00c3O<\/strong><\/p>\n<p><em>Com Di\u00e1rio\u00a0de Pernambuco\/Foto Google\u00a0\u00a0 <\/em><\/p>\n<p><strong>Leia mais not\u00edcias em\u00a0<\/strong><a href=\"http:\/\/www.caririemacao.com\/\"><strong>caririemacao.com<\/strong><\/a><strong>, siga nossa p\u00e1gina no\u00a0<\/strong><a href=\"https:\/\/www.facebook.com\/CaririEmAcao\/?ref=aymt_homepage_panel\"><strong>Facebook<\/strong><\/a>,<strong>\u00a0<\/strong><a href=\"https:\/\/www.instagram.com\/cariri_em_acao\/?hl=pt-br\"><strong>Instagram<\/strong><\/a><strong>\u00a0e <\/strong><a href=\"https:\/\/www.youtube.com\/channel\/UCAptA0jQuYQy8vMhLt2m4qg\"><strong>Youtube<\/strong><\/a><strong>\u00a0e veja nossas mat\u00e9rias, v\u00eddeos e fotos. Voc\u00ea tamb\u00e9m pode enviar informa\u00e7\u00f5es \u00e0 Reda\u00e7\u00e3o do Portal Cariri em A\u00e7\u00e3o pelo WhatsApp (83) 9 9634.5791, (83) 9 9601-1162.<\/strong><\/p>\n<\/div>\n","protected":false},"excerpt":{"rendered":"<p>O ministro da Defesa, Raul Jungmann, informou neste s\u00e1bado que a For\u00e7a A\u00e9rea Brasileira (FAB) e a Marinha disponibilizaram dois avi\u00f5es e tr\u00eas navios para&hellip; <\/p>\n","protected":false},"author":2,"featured_media":33568,"comment_status":"closed","ping_status":"closed","sticky":false,"template":"","format":"standard","meta":{"sfsi_plus_gutenberg_text_before_share":"","sfsi_plus_gutenberg_show_text_before_share":"","sfsi_plus_gutenberg_icon_type":"","sfsi_plus_gutenberg_icon_alignemt":"","sfsi_plus_gutenburg_max_per_row":"","footnotes":""},"categories":[2],"tags":[],"class_list":["post-33565","post","type-post","status-publish","format-standard","has-post-thumbnail","hentry","category-geral"],"_links":{"self":[{"href":"https:\/\/www.caririemacao.com\/1\/wp-json\/wp\/v2\/posts\/33565","targetHints":{"allow":["GET"]}}],"collection":[{"href":"https:\/\/www.caririemacao.com\/1\/wp-json\/wp\/v2\/posts"}],"about":[{"href":"https:\/\/www.caririemacao.com\/1\/wp-json\/wp\/v2\/types\/post"}],"author":[{"embeddable":true,"href":"https:\/\/www.caririemacao.com\/1\/wp-json\/wp\/v2\/users\/2"}],"replies":[{"embeddable":true,"href":"https:\/\/www.caririemacao.com\/1\/wp-json\/wp\/v2\/comments?post=33565"}],"version-history":[{"count":0,"href":"https:\/\/www.caririemacao.com\/1\/wp-json\/wp\/v2\/posts\/33565\/revisions"}],"wp:featuredmedia":[{"embeddable":true,"href":"https:\/\/www.caririemacao.com\/1\/wp-json\/wp\/v2\/media\/33568"}],"wp:attachment":[{"href":"https:\/\/www.caririemacao.com\/1\/wp-json\/wp\/v2\/media?parent=33565"}],"wp:term":[{"taxonomy":"category","embeddable":true,"href":"https:\/\/www.caririemacao.com\/1\/wp-json\/wp\/v2\/categories?post=33565"},{"taxonomy":"post_tag","embeddable":true,"href":"https:\/\/www.caririemacao.com\/1\/wp-json\/wp\/v2\/tags?post=33565"}],"curies":[{"name":"wp","href":"https:\/\/api.w.org\/{rel}","templated":true}]}}