{"id":33572,"date":"2017-11-20T07:18:56","date_gmt":"2017-11-20T10:18:56","guid":{"rendered":"http:\/\/caririemacao.com\/1\/?p=33572"},"modified":"2017-11-20T07:21:03","modified_gmt":"2017-11-20T10:21:03","slug":"em-visita-ao-nordeste-alckmin-admite-que-quer-uma-alianca-entre-psdb-e-psb-para-2018","status":"publish","type":"post","link":"https:\/\/www.caririemacao.com\/1\/2017\/11\/20\/em-visita-ao-nordeste-alckmin-admite-que-quer-uma-alianca-entre-psdb-e-psb-para-2018\/","title":{"rendered":"Em visita ao Nordeste, Alckmin admite que quer uma alian\u00e7a entre PSDB e PSB para 2018"},"content":{"rendered":"<div class=\"row content-head\">\n<div class=\"column medium-centered medium-19 large-18\">\n<p>De passagem por Pernambuco para angariar apoio em torno de sua pr\u00e9-candidatura presidencial e para tentar costurar alian\u00e7as visando as elei\u00e7\u00f5es do pr\u00f3ximo ano, o governador de S\u00e3o Paulo, Geraldo Alckmin (PSDB), teve um encontro com a ex-primeira-dama e vi\u00fava do ex-governador Eduardo Campos, Renata Campos.<\/p>\n<p>O objetivo \u00e9 tentar usar a influ\u00eancia da ex-primeira-dama junto ao PSB para tentar conquistar o apoio dos socialistas \u00e0 sua postula\u00e7\u00e3o. \u201cClaro que queremos alian\u00e7a com o PSB, agora isso n\u00e3o depende s\u00f3 de n\u00f3s\u201d, disse o governador tucano.<\/p>\n<p>No Recife, Alckmin apresentou propostas para a \u00e1rea de seguran\u00e7a \u2013 Pernambuco \u00e9 considerado atualmente um dos estados mais violentos do Brasil -, al\u00e9m de propor uma reforma tribut\u00e1ria. Em n\u00edvel estadual o PSDB est\u00e1 na oposi\u00e7\u00e3o ao governo Paulo C\u00e2mara (PSB) desde o ano passado, quando o partido foi expulso da gest\u00e3o e os socialistas ensaiaram uma reaproxima\u00e7\u00e3o com o PT.<\/p>\n<p>\u201cN\u00e3o tenho informa\u00e7\u00f5es sobre isso, mas independente de qualquer coisa tenho muito apre\u00e7o pelo PSB\u201d, tentou desconversar Alckmin quando questionado sobre o assunto. O vice de Alckmin no governo paulista \u00e9 o socialista M\u00e1rio Fran\u00e7a.<\/p>\n<p><strong>CARIRI EM A\u00c7\u00c3O<\/strong><\/p>\n<p><em>Com Para\u00edba J\u00e1 \/Foto: Google\u00a0\u00a0 <\/em><\/p>\n<p><strong>Leia mais not\u00edcias em\u00a0<\/strong><a href=\"http:\/\/www.caririemacao.com\/\"><strong>caririemacao.com<\/strong><\/a><strong>, siga nossa p\u00e1gina no\u00a0<\/strong><a href=\"https:\/\/www.facebook.com\/CaririEmAcao\/?ref=aymt_homepage_panel\"><strong>Facebook<\/strong><\/a>,<strong>\u00a0<\/strong><a href=\"https:\/\/www.instagram.com\/cariri_em_acao\/?hl=pt-br\"><strong>Instagram<\/strong><\/a><strong>\u00a0e <\/strong><a href=\"https:\/\/www.youtube.com\/channel\/UCAptA0jQuYQy8vMhLt2m4qg\"><strong>Youtube<\/strong><\/a><strong>\u00a0e veja nossas mat\u00e9rias, v\u00eddeos e fotos. Voc\u00ea tamb\u00e9m pode enviar informa\u00e7\u00f5es \u00e0 Reda\u00e7\u00e3o do Portal Cariri em A\u00e7\u00e3o pelo WhatsApp (83) 9 9634.5791, (83) 9 9601-1162.<\/strong><\/p>\n<\/div>\n<\/div>\n","protected":false},"excerpt":{"rendered":"<p>De passagem por Pernambuco para angariar apoio em torno de sua pr\u00e9-candidatura presidencial e para tentar costurar alian\u00e7as visando as elei\u00e7\u00f5es do pr\u00f3ximo ano, o&hellip; <\/p>\n","protected":false},"author":2,"featured_media":33575,"comment_status":"closed","ping_status":"closed","sticky":false,"template":"","format":"standard","meta":{"sfsi_plus_gutenberg_text_before_share":"","sfsi_plus_gutenberg_show_text_before_share":"","sfsi_plus_gutenberg_icon_type":"","sfsi_plus_gutenberg_icon_alignemt":"","sfsi_plus_gutenburg_max_per_row":"","footnotes":""},"categories":[1],"tags":[],"class_list":["post-33572","post","type-post","status-publish","format-standard","has-post-thumbnail","hentry","category-o-site"],"_links":{"self":[{"href":"https:\/\/www.caririemacao.com\/1\/wp-json\/wp\/v2\/posts\/33572","targetHints":{"allow":["GET"]}}],"collection":[{"href":"https:\/\/www.caririemacao.com\/1\/wp-json\/wp\/v2\/posts"}],"about":[{"href":"https:\/\/www.caririemacao.com\/1\/wp-json\/wp\/v2\/types\/post"}],"author":[{"embeddable":true,"href":"https:\/\/www.caririemacao.com\/1\/wp-json\/wp\/v2\/users\/2"}],"replies":[{"embeddable":true,"href":"https:\/\/www.caririemacao.com\/1\/wp-json\/wp\/v2\/comments?post=33572"}],"version-history":[{"count":0,"href":"https:\/\/www.caririemacao.com\/1\/wp-json\/wp\/v2\/posts\/33572\/revisions"}],"wp:featuredmedia":[{"embeddable":true,"href":"https:\/\/www.caririemacao.com\/1\/wp-json\/wp\/v2\/media\/33575"}],"wp:attachment":[{"href":"https:\/\/www.caririemacao.com\/1\/wp-json\/wp\/v2\/media?parent=33572"}],"wp:term":[{"taxonomy":"category","embeddable":true,"href":"https:\/\/www.caririemacao.com\/1\/wp-json\/wp\/v2\/categories?post=33572"},{"taxonomy":"post_tag","embeddable":true,"href":"https:\/\/www.caririemacao.com\/1\/wp-json\/wp\/v2\/tags?post=33572"}],"curies":[{"name":"wp","href":"https:\/\/api.w.org\/{rel}","templated":true}]}}