{"id":33589,"date":"2017-11-20T08:52:29","date_gmt":"2017-11-20T11:52:29","guid":{"rendered":"http:\/\/caririemacao.com\/1\/?p=33589"},"modified":"2017-11-20T08:59:45","modified_gmt":"2017-11-20T11:59:45","slug":"concursos-na-paraiba-oferecem-mais-de-260-vagas-de-emprego","status":"publish","type":"post","link":"https:\/\/www.caririemacao.com\/1\/2017\/11\/20\/concursos-na-paraiba-oferecem-mais-de-260-vagas-de-emprego\/","title":{"rendered":"Concursos na Para\u00edba oferecem mais de 260 vagas de emprego"},"content":{"rendered":"<div class=\"row content-head\">\n<div class=\"column medium-centered medium-19 large-18\">\n<p class=\"content-head__title\">Pelo menos cinco editais de concursos p\u00fablicos e processos seletivos publicados por diversos \u00f3rg\u00e3os oferecem 266 vagas de emprego em cargos de todos os n\u00edveis de escolaridade na Para\u00edba. Entre estes editais, a Universidade Federal de Campina Grande (UFCG) tem vagas para professor em tr\u00eas campi. Confira abaixo os detalhes de cada edital.<\/p>\n<\/div>\n<\/div>\n<div class=\"mc-article-body\">\n<article>\n<div class=\"mc-column content-media content-media--normal content-photo\" data-block-type=\"backstage-photo\" data-block-id=\"2\">\n<div class=\"content-media__container\">\n<div class=\"content-media__image-centered\">\n<div class=\"progressive-img can-open-lightbox\" data-min-size=\"1008x756\" data-min-size-url=\"https:\/\/s2.glbimg.com\/vK_I-ODFcuzpjHC50saDlf5sGbI=\/0x0:620x465\/1008x0\/smart\/filters:strip_icc()\/s.glbimg.com\/jo\/g1\/f\/original\/2015\/09\/03\/tce.jpg\" data-max-size=\"1600x1200\" data-max-size-url=\"https:\/\/s2.glbimg.com\/d7sMyL3qV8O7-_zwMJ8RgujbykM=\/0x0:620x465\/1600x0\/smart\/filters:strip_icc()\/s.glbimg.com\/jo\/g1\/f\/original\/2015\/09\/03\/tce.jpg\" data-media-index=\"0\">\n<div class=\"placeholder-container\">\u00a0Tribunal de Contas da Para\u00edba encaminhou ao Minist\u00e9rio P\u00fablico, de fevereiro a agosto deste ano, 68 ac\u00f3rd\u00e3os para cobran\u00e7a judicial de valores que ultrapassam R$ 9,5 milh\u00f5es (Foto: Kleide Teixeira\/Jornal da Para\u00edba)<\/div>\n<\/div>\n<\/div>\n<\/div>\n<\/div>\n<div class=\"mc-column content-text active-extra-styles \" data-block-type=\"unstyled\" data-block-weight=\"7\" data-block-id=\"3\">\n<p class=\"content-text__container \" data-track-category=\"Link no Texto\" data-track-links=\"\"><strong>Concurso do Tribunal de Contas da Para\u00edba<\/strong><\/p>\n<\/div>\n<div class=\"mc-column content-text active-extra-styles \" data-block-type=\"unstyled\" data-block-weight=\"51\" data-block-id=\"4\">\n<p class=\"content-text__container \" data-track-category=\"Link no Texto\" data-track-links=\"\">O Tribunal de Contas do Estado da Para\u00edba (TCE-PB)\u00a0abriu inscri\u00e7\u00f5es no concurso que oferece 20 vagas e sal\u00e1rios de at\u00e9 R$ 13 mil. As vagas s\u00e3o para auditor de contas p\u00fablicas e agente de documenta\u00e7\u00e3o. As inscri\u00e7\u00f5es v\u00e3o at\u00e9 o dia 29 de novembro e\u00a0<a href=\"http:\/\/www.cespe.unb.br\/concursos\/tce_pb_17\" target=\"_blank\" rel=\"noopener\">devem ser feitas pela internet.<\/a><\/p>\n<\/div>\n<div class=\"mc-column content-text active-extra-styles\" data-block-type=\"raw\" data-block-weight=\"7\" data-block-id=\"5\">\n<p><a href=\"https:\/\/publicacao.tce.pb.gov.br\/84674b40dfa595c8e3ce0f74cc5f5663\" target=\"_blank\" rel=\"noopener\">Confira o edital do concurso do TCE-PB.<\/a><\/p>\n<\/div>\n<div class=\"mc-column content-media content-media--normal content-photo\" data-block-type=\"backstage-photo\" data-block-id=\"6\"><\/div>\n<div class=\"mc-column content-text active-extra-styles\" data-block-type=\"raw\" data-block-weight=\"8\" data-block-id=\"7\">\n<div class=\"content-intertitle\">\n<p><strong>Concursos da Universidade Federal de Campina Grande (UFCG)<\/strong><\/p>\n<\/div>\n<\/div>\n<div class=\"mc-column content-text active-extra-styles \" data-block-type=\"unstyled\" data-block-weight=\"59\" data-block-id=\"8\">\n<p class=\"content-text__container \" data-track-category=\"Link no Texto\" data-track-links=\"\">A UFCG est\u00e1 com editais publicados para concursos e sele\u00e7\u00f5es de professor efetivo e substitutos em tr\u00eas campi.\u00a0A vaga pra professor efetivo \u00e9 no campus de Sum\u00e9, com sal\u00e1rio de R$ 9,3 mil\u00a0e cujas inscri\u00e7\u00f5es v\u00e3o at\u00e9 1\u00ba de dezembro. O \u00f3rg\u00e3o tamb\u00e9m tem inscri\u00e7\u00f5es abertas ou com editais publicados para os campi de\u00a0Sousa e Cuit\u00e9.<\/p>\n<p class=\"content-text__container \" data-track-category=\"Link no Texto\" data-track-links=\"\"><strong>Concurso da prefeitura de Esperan\u00e7a<\/strong><\/p>\n<\/div>\n<div data-track-category=\"fim do conteudo\" data-track-action=\"ultimo chunk conteudo\" data-track-noninteraction=\"false\" data-track-scroll=\"entrada completa viewport\">\n<div class=\"mc-column content-text active-extra-styles \" data-block-type=\"unstyled\" data-block-weight=\"48\" data-block-id=\"11\">\n<p class=\"content-text__container \" data-track-category=\"Link no Texto\" data-track-links=\"\">O\u00a0concurso da prefeitura de Esperan\u00e7a\u00a0oferece 243 vagas para cargos de n\u00edveis fundamental, m\u00e9dio, t\u00e9cnico e superior. De acordo com o edital, s\u00e3o oferecidas 15 vagas para pessoas com defici\u00eancia e mais uma vaga para cadastro de reserva.\u00a0<a href=\"http:\/\/www.facetconcursos.com.br\/esperanca\/edital.pdf\" target=\"_blank\" rel=\"noopener\">Veja o edital do concurso da prefeitura de Esperan\u00e7a.<\/a><\/p>\n<p><strong>CARIRI EM A\u00c7\u00c3O<\/strong><\/p>\n<p><em>Com G1 \/Foto: Montagem Cariri em A\u00e7\u00e3o\u00a0<\/em><\/p>\n<p><strong>Leia mais not\u00edcias em\u00a0<\/strong><a href=\"http:\/\/www.caririemacao.com\/\"><strong>caririemacao.com<\/strong><\/a><strong>, siga nossa p\u00e1gina no\u00a0<\/strong><a href=\"https:\/\/www.facebook.com\/CaririEmAcao\/?ref=aymt_homepage_panel\"><strong>Facebook<\/strong><\/a>,<strong>\u00a0<\/strong><a href=\"https:\/\/www.instagram.com\/cariri_em_acao\/?hl=pt-br\"><strong>Instagram<\/strong><\/a><strong>\u00a0e <\/strong><a href=\"https:\/\/www.youtube.com\/channel\/UCAptA0jQuYQy8vMhLt2m4qg\"><strong>Youtube<\/strong><\/a><strong>\u00a0e veja nossas mat\u00e9rias, v\u00eddeos e fotos. Voc\u00ea tamb\u00e9m pode enviar informa\u00e7\u00f5es \u00e0 Reda\u00e7\u00e3o do Portal Cariri em A\u00e7\u00e3o pelo WhatsApp (83) 9 9634.5791, (83) 9 9601-1162.<\/strong><\/p>\n<\/div>\n<\/div>\n<\/article>\n<\/div>\n","protected":false},"excerpt":{"rendered":"<p>Pelo menos cinco editais de concursos p\u00fablicos e processos seletivos publicados por diversos \u00f3rg\u00e3os oferecem 266 vagas de emprego em cargos de todos os n\u00edveis&hellip; <\/p>\n","protected":false},"author":2,"featured_media":33586,"comment_status":"closed","ping_status":"closed","sticky":false,"template":"","format":"standard","meta":{"sfsi_plus_gutenberg_text_before_share":"","sfsi_plus_gutenberg_show_text_before_share":"","sfsi_plus_gutenberg_icon_type":"","sfsi_plus_gutenberg_icon_alignemt":"","sfsi_plus_gutenburg_max_per_row":"","footnotes":""},"categories":[2],"tags":[],"class_list":["post-33589","post","type-post","status-publish","format-standard","has-post-thumbnail","hentry","category-geral"],"_links":{"self":[{"href":"https:\/\/www.caririemacao.com\/1\/wp-json\/wp\/v2\/posts\/33589","targetHints":{"allow":["GET"]}}],"collection":[{"href":"https:\/\/www.caririemacao.com\/1\/wp-json\/wp\/v2\/posts"}],"about":[{"href":"https:\/\/www.caririemacao.com\/1\/wp-json\/wp\/v2\/types\/post"}],"author":[{"embeddable":true,"href":"https:\/\/www.caririemacao.com\/1\/wp-json\/wp\/v2\/users\/2"}],"replies":[{"embeddable":true,"href":"https:\/\/www.caririemacao.com\/1\/wp-json\/wp\/v2\/comments?post=33589"}],"version-history":[{"count":0,"href":"https:\/\/www.caririemacao.com\/1\/wp-json\/wp\/v2\/posts\/33589\/revisions"}],"wp:featuredmedia":[{"embeddable":true,"href":"https:\/\/www.caririemacao.com\/1\/wp-json\/wp\/v2\/media\/33586"}],"wp:attachment":[{"href":"https:\/\/www.caririemacao.com\/1\/wp-json\/wp\/v2\/media?parent=33589"}],"wp:term":[{"taxonomy":"category","embeddable":true,"href":"https:\/\/www.caririemacao.com\/1\/wp-json\/wp\/v2\/categories?post=33589"},{"taxonomy":"post_tag","embeddable":true,"href":"https:\/\/www.caririemacao.com\/1\/wp-json\/wp\/v2\/tags?post=33589"}],"curies":[{"name":"wp","href":"https:\/\/api.w.org\/{rel}","templated":true}]}}