{"id":33593,"date":"2017-11-20T09:29:03","date_gmt":"2017-11-20T12:29:03","guid":{"rendered":"http:\/\/caririemacao.com\/1\/?p=33593"},"modified":"2017-11-20T10:48:40","modified_gmt":"2017-11-20T13:48:40","slug":"transposicao-do-rio-sao-francisco-muda-a-vida-no-sertao-da-paraiba","status":"publish","type":"post","link":"https:\/\/www.caririemacao.com\/1\/2017\/11\/20\/transposicao-do-rio-sao-francisco-muda-a-vida-no-sertao-da-paraiba\/","title":{"rendered":"Transposi\u00e7\u00e3o muda a vida no Cariri; Veja reportagem da Globo"},"content":{"rendered":"<div class=\"materia-cabecalho\">Uma obra contra a seca imaginada no s\u00e9culo 19 virou realidade, pelo menos em parte, quando um dos dois eixos da transposi\u00e7\u00e3o do rio S\u00e3o Francisco foi inaugurado em mar\u00e7o deste ano.<\/div>\n<div id=\"materia-letra\" class=\"materia-conteudo entry-content clearfix\">\n<p>Uma equipe de reportagem do Globo Natureza percorreu esse eixo, de ponta a ponta, pra mostrar o que mudou no campo e nas cidades da regi\u00e3o, agora banhada pelas \u00e1guas do Velho Chico.<\/p>\n<p>A transposi\u00e7\u00e3o tem dois eixos. O norte, que n\u00e3o est\u00e1 pronto, vai captar agua na divisa da bahia com pernambuco e abastecer rios do cear\u00e1, rio grande do norte e para\u00edba.<\/p>\n<p>O eixo leste, foi inaugurado em mar\u00e7o passado e j\u00e1 est\u00e1 funcionando. A capta\u00e7\u00e3o \u00e9 feita um pouco abaixo e o eixo alimenta rios e a\u00e7udes do cariri paraibano e ir\u00e1 levar \u00e1gua para quase 100 munic\u00edpios de pernambuco.<\/p>\n<p>S\u00e3o 217 quil\u00f4metros de canais, aquedutos,\u00a0 c\u00e2nions escavados na rocha, um t\u00fanel, seis esta\u00e7\u00f5es de bombeamento e 12 reservat\u00f3rios que regulam o volume de \u00e1gua. A \u00e1gua passa direto por muitas cidades de\u00a0Pernambuco\u00a0que hoje n\u00e3o podem us\u00e1-la. O eixo segue direto para a\u00a0Para\u00edba.<\/p>\n<p>O fim da linha \u00e9 a cidade de Monteiro, onde a \u00e1gua \u00e9 despejada para encher o rio Para\u00edba.\u00a0O ponto de desague \u00e9 atra\u00e7\u00e3o tur\u00edstica. H\u00e1 anos n\u00e3o se via tanta \u00e1gua.<\/p>\n<p>A \u00e1gua da transposi\u00e7\u00e3o do rio S\u00e3o Francisco j\u00e1 melhorou a vida de muita gente, mas tamb\u00e9m trouxe frustra\u00e7\u00f5es e disputa pelo seu uso.<\/p>\n<p><a href=\"https:\/\/globoplay.globo.com\/v\/6297885\/\" target=\"_blank\" rel=\"noopener\"><span style=\"color: #0000ee;\"><b><i><u>Clique<\/u><\/i><\/b><\/span><em><b>\u00a0aqui e Veja o v\u00eddeo, da reportagem\u00a0completa.<\/b><\/em><\/a><\/p>\n<p><a href=\"https:\/\/globoplay.globo.com\/v\/6297898\/\" target=\"_blank\" rel=\"noopener\"><b><i><u>Clique<\/u><\/i><\/b><em><b>\u00a0aqui e Veja o v\u00eddeo, da reportagem\u00a0completa.<\/b><\/em><\/a><\/p>\n<p><strong>CARIRI EM A\u00c7\u00c3O<\/strong><\/p>\n<p><em>Com G1 \/Foto: Google\u00a0\u00a0 <\/em><\/p>\n<p><strong>Leia mais not\u00edcias em\u00a0<\/strong><a href=\"http:\/\/www.caririemacao.com\/\"><strong>caririemacao.com<\/strong><\/a><strong>, siga nossa p\u00e1gina no\u00a0<\/strong><a href=\"https:\/\/www.facebook.com\/CaririEmAcao\/?ref=aymt_homepage_panel\"><strong>Facebook<\/strong><\/a>,<strong>\u00a0<\/strong><a href=\"https:\/\/www.instagram.com\/cariri_em_acao\/?hl=pt-br\"><strong>Instagram<\/strong><\/a><strong>\u00a0e <\/strong><a href=\"https:\/\/www.youtube.com\/channel\/UCAptA0jQuYQy8vMhLt2m4qg\"><strong>Youtube<\/strong><\/a><strong>\u00a0e veja nossas mat\u00e9rias, v\u00eddeos e fotos. Voc\u00ea tamb\u00e9m pode enviar informa\u00e7\u00f5es \u00e0 Reda\u00e7\u00e3o do Portal Cariri em A\u00e7\u00e3o pelo WhatsApp (83) 9 9634.5791, (83) 9 9601-1162.<\/strong><\/p>\n<\/div>\n","protected":false},"excerpt":{"rendered":"<p>Uma obra contra a seca imaginada no s\u00e9culo 19 virou realidade, pelo menos em parte, quando um dos dois eixos da transposi\u00e7\u00e3o do rio S\u00e3o&hellip; <\/p>\n","protected":false},"author":2,"featured_media":25544,"comment_status":"closed","ping_status":"closed","sticky":false,"template":"","format":"standard","meta":{"sfsi_plus_gutenberg_text_before_share":"","sfsi_plus_gutenberg_show_text_before_share":"","sfsi_plus_gutenberg_icon_type":"","sfsi_plus_gutenberg_icon_alignemt":"","sfsi_plus_gutenburg_max_per_row":"","footnotes":""},"categories":[6],"tags":[],"class_list":["post-33593","post","type-post","status-publish","format-standard","has-post-thumbnail","hentry","category-cidades"],"_links":{"self":[{"href":"https:\/\/www.caririemacao.com\/1\/wp-json\/wp\/v2\/posts\/33593","targetHints":{"allow":["GET"]}}],"collection":[{"href":"https:\/\/www.caririemacao.com\/1\/wp-json\/wp\/v2\/posts"}],"about":[{"href":"https:\/\/www.caririemacao.com\/1\/wp-json\/wp\/v2\/types\/post"}],"author":[{"embeddable":true,"href":"https:\/\/www.caririemacao.com\/1\/wp-json\/wp\/v2\/users\/2"}],"replies":[{"embeddable":true,"href":"https:\/\/www.caririemacao.com\/1\/wp-json\/wp\/v2\/comments?post=33593"}],"version-history":[{"count":0,"href":"https:\/\/www.caririemacao.com\/1\/wp-json\/wp\/v2\/posts\/33593\/revisions"}],"wp:featuredmedia":[{"embeddable":true,"href":"https:\/\/www.caririemacao.com\/1\/wp-json\/wp\/v2\/media\/25544"}],"wp:attachment":[{"href":"https:\/\/www.caririemacao.com\/1\/wp-json\/wp\/v2\/media?parent=33593"}],"wp:term":[{"taxonomy":"category","embeddable":true,"href":"https:\/\/www.caririemacao.com\/1\/wp-json\/wp\/v2\/categories?post=33593"},{"taxonomy":"post_tag","embeddable":true,"href":"https:\/\/www.caririemacao.com\/1\/wp-json\/wp\/v2\/tags?post=33593"}],"curies":[{"name":"wp","href":"https:\/\/api.w.org\/{rel}","templated":true}]}}