{"id":33650,"date":"2017-11-21T00:55:16","date_gmt":"2017-11-21T03:55:16","guid":{"rendered":"http:\/\/caririemacao.com\/1\/?p=33650"},"modified":"2017-11-21T00:58:51","modified_gmt":"2017-11-21T03:58:51","slug":"prefeita-cumpre-agenda-na-funasa-e-solicita-sistema-de-abastecimento-dagua","status":"publish","type":"post","link":"https:\/\/www.caririemacao.com\/1\/2017\/11\/21\/prefeita-cumpre-agenda-na-funasa-e-solicita-sistema-de-abastecimento-dagua\/","title":{"rendered":"Prefeita cumpre agenda na Funasa e solicita sistema de abastecimento d\u00b4\u00e1gua"},"content":{"rendered":"<p>A prefeita de Santo Andr\u00e9, Silvana Marinho, o vice-prefeito, Arimateia Porto, e o chefe de gabinete, Samuel Mariano, estiveram cumprindo agenda na capital Jo\u00e3o Pessoa durante esta segunda-feira (20), em busca de recursos e investimentos para o munic\u00edpio.<\/p>\n<p>Ao lado do senador C\u00e1ssio Cunha Lima (PSDB), a comitiva santoandreense esteve na sede da Funda\u00e7\u00e3o Nacional de Sa\u00fade &#8211; FUNASA para tratar sobre um conv\u00eanio j\u00e1 garantido na ordem de meio milh\u00e3o de reais que trata sobre melhorias sanit\u00e1rias na zona rural de Santo Andr\u00e9.<\/p>\n<p>Em contato com o Cariri em A\u00e7\u00e3o, a prefeita Silvana disse que as melhorias sanit\u00e1rias domiciliares s\u00e3o importantes porque s\u00e3o meio de instala\u00e7\u00f5es hidrossanit\u00e1rias m\u00ednimas, relacionadas para o uso da \u00e1gua, higiene e o destino adequado dos esgotos domiciliares, levando-se em considera\u00e7\u00e3o a melhoria da sa\u00fade e a condi\u00e7\u00e3o de vida de v\u00e1rias pessoas nas comunidades que ser\u00e3o atendidas com a implanta\u00e7\u00e3o, diminuindo assim, a mortalidade e aumentando a expectativa de vida da popula\u00e7\u00e3o, fazendo com que haja a diminui\u00e7\u00e3o da incid\u00eancia de doen\u00e7as relacionadas ao consumo de \u00e1gua inadequada e implanta\u00e7\u00e3o de h\u00e1bitos de higiene.<\/p>\n<p>Ainda na Funasa, a prefeita solicitou, atrav\u00e9s de um futuro conv\u00eanio, a implanta\u00e7\u00e3o do sistema de abastecimento da \u00e1gua no munic\u00edpio, principalmente na zona rural. A prefeita informou que o projeto tem o objetivo de atender quatro comunidades rurais de Santo Andr\u00e9, sendo elas, Campos, Pinh\u00f5es, Malhada Vermelha e Lagoa, que atualmente s\u00e3o abastecidas por carros pipas, sem nenhum tratamento suficiente para se evitar doen\u00e7as nas pessoas, principalmente nas crian\u00e7as dessas comunidades.<\/p>\n<p><strong>CARIRI EM A\u00c7\u00c3O<\/strong><\/p>\n<p><strong>Leia mais not\u00edcias em\u00a0<\/strong><a style=\"font-style: inherit; font-weight: inherit;\" href=\"http:\/\/www.caririemacao.com\/\"><strong style=\"font-style: inherit;\">caririemacao.com<\/strong><\/a><strong style=\"font-style: inherit;\">, siga nossa p\u00e1gina no\u00a0<\/strong><a style=\"font-style: inherit; font-weight: inherit;\" href=\"https:\/\/www.facebook.com\/CaririEmAcao\/?ref=aymt_homepage_panel\"><strong style=\"font-style: inherit;\">Facebook<\/strong><\/a>,<strong style=\"font-style: inherit;\">\u00a0<\/strong><a style=\"font-style: inherit; font-weight: inherit;\" href=\"https:\/\/www.instagram.com\/cariri_em_acao\/?hl=pt-br\"><strong style=\"font-style: inherit;\">Instagram<\/strong><\/a><strong style=\"font-style: inherit;\">\u00a0e\u00a0<\/strong><a style=\"font-style: inherit; font-weight: inherit;\" href=\"https:\/\/www.youtube.com\/channel\/UCAptA0jQuYQy8vMhLt2m4qg\"><strong style=\"font-style: inherit;\">Youtube<\/strong><\/a><strong style=\"font-style: inherit;\">\u00a0e veja nossas mat\u00e9rias, v\u00eddeos e fotos. Voc\u00ea tamb\u00e9m pode enviar informa\u00e7\u00f5es \u00e0 Reda\u00e7\u00e3o do Portal Cariri em A\u00e7\u00e3o pelo WhatsApp (83) 9 9634.5791, (83) 9 9601-1162.<\/strong><\/p>\n","protected":false},"excerpt":{"rendered":"<p>A prefeita de Santo Andr\u00e9, Silvana Marinho, o vice-prefeito, Arimateia Porto, e o chefe de gabinete, Samuel Mariano, estiveram cumprindo agenda na capital Jo\u00e3o Pessoa&hellip; <\/p>\n","protected":false},"author":2,"featured_media":33651,"comment_status":"closed","ping_status":"closed","sticky":false,"template":"","format":"standard","meta":{"sfsi_plus_gutenberg_text_before_share":"","sfsi_plus_gutenberg_show_text_before_share":"","sfsi_plus_gutenberg_icon_type":"","sfsi_plus_gutenberg_icon_alignemt":"","sfsi_plus_gutenburg_max_per_row":"","footnotes":""},"categories":[2],"tags":[],"class_list":["post-33650","post","type-post","status-publish","format-standard","has-post-thumbnail","hentry","category-geral"],"_links":{"self":[{"href":"https:\/\/www.caririemacao.com\/1\/wp-json\/wp\/v2\/posts\/33650","targetHints":{"allow":["GET"]}}],"collection":[{"href":"https:\/\/www.caririemacao.com\/1\/wp-json\/wp\/v2\/posts"}],"about":[{"href":"https:\/\/www.caririemacao.com\/1\/wp-json\/wp\/v2\/types\/post"}],"author":[{"embeddable":true,"href":"https:\/\/www.caririemacao.com\/1\/wp-json\/wp\/v2\/users\/2"}],"replies":[{"embeddable":true,"href":"https:\/\/www.caririemacao.com\/1\/wp-json\/wp\/v2\/comments?post=33650"}],"version-history":[{"count":0,"href":"https:\/\/www.caririemacao.com\/1\/wp-json\/wp\/v2\/posts\/33650\/revisions"}],"wp:featuredmedia":[{"embeddable":true,"href":"https:\/\/www.caririemacao.com\/1\/wp-json\/wp\/v2\/media\/33651"}],"wp:attachment":[{"href":"https:\/\/www.caririemacao.com\/1\/wp-json\/wp\/v2\/media?parent=33650"}],"wp:term":[{"taxonomy":"category","embeddable":true,"href":"https:\/\/www.caririemacao.com\/1\/wp-json\/wp\/v2\/categories?post=33650"},{"taxonomy":"post_tag","embeddable":true,"href":"https:\/\/www.caririemacao.com\/1\/wp-json\/wp\/v2\/tags?post=33650"}],"curies":[{"name":"wp","href":"https:\/\/api.w.org\/{rel}","templated":true}]}}