{"id":33658,"date":"2017-11-21T02:16:08","date_gmt":"2017-11-21T05:16:08","guid":{"rendered":"http:\/\/caririemacao.com\/1\/?p=33658"},"modified":"2017-11-21T02:16:08","modified_gmt":"2017-11-21T05:16:08","slug":"camara-de-gurjao-cria-programa-camara-itinerante-e-aprova-varios-requerimentos","status":"publish","type":"post","link":"https:\/\/www.caririemacao.com\/1\/2017\/11\/21\/camara-de-gurjao-cria-programa-camara-itinerante-e-aprova-varios-requerimentos\/","title":{"rendered":"C\u00e2mara de Gurj\u00e3o cria \u201cPrograma C\u00e2mara Itinerante\u201d e aprova v\u00e1rios requerimentos"},"content":{"rendered":"<p>Os vereadores gurjaenses estiveram reunidos na noite da \u00faltima sexta-feira, dia 17, na sede da C\u00e2mara de Gurj\u00e3o para debater nove proposituras, entre elas, um projeto de lei, um projeto de resolu\u00e7\u00e3o e sete requerimentos, sendo um, voto de aplauso.<\/p>\n<p><a href=\"http:\/\/caririemacao.com\/1\/wp-content\/uploads\/2017\/11\/gu3-e1511241220440.jpg\"><img fetchpriority=\"high\" decoding=\"async\" class=\"size-medium wp-image-33661 aligncenter\" src=\"http:\/\/caririemacao.com\/1\/wp-content\/uploads\/2017\/11\/gu3-e1511241220440-300x223.jpg\" alt=\"\" width=\"300\" height=\"223\" srcset=\"https:\/\/www.caririemacao.com\/1\/wp-content\/uploads\/2017\/11\/gu3-e1511241220440-300x223.jpg 300w, https:\/\/www.caririemacao.com\/1\/wp-content\/uploads\/2017\/11\/gu3-e1511241220440.jpg 579w\" sizes=\"(max-width: 300px) 100vw, 300px\" \/><\/a><\/p>\n<p>O presidente Adailsinho apresentou um projeto de resolu\u00e7\u00e3o, institu\u00eddo no munic\u00edpio de Gurj\u00e3o o Programa C\u00e2mara Itinerante, visando o atendimento e a integra\u00e7\u00e3o dos mun\u00edcipes junto \u00e0s a\u00e7\u00f5es do Poder Legislativo Municipal.<\/p>\n<p>Com a aprova\u00e7\u00e3o da C\u00e2mara Itinerante, as sess\u00f5es ser\u00e3o realizadas em diversas localidades de Gurj\u00e3o, sendo realizadas no mesmo per\u00edodo das sess\u00f5es Ordin\u00e1rias da C\u00e2mara Municipal. \u201cEstamos aproximando o Poder Legislativo \u00e0 popula\u00e7\u00e3o, dando-lhe condi\u00e7\u00f5es de acompanhar o trabalho dos vereadores e apontar as necessidades de suas comunidades\u201d, justificou o presidente.<\/p>\n<p><a href=\"http:\/\/caririemacao.com\/1\/wp-content\/uploads\/2017\/11\/gu5.jpeg\"><img decoding=\"async\" class=\"wp-image-33663 size-medium aligncenter lazyload\" data-src=\"http:\/\/caririemacao.com\/1\/wp-content\/uploads\/2017\/11\/gu5-e1511241253988-300x219.jpeg\" alt=\"\" width=\"300\" height=\"219\" data-srcset=\"https:\/\/www.caririemacao.com\/1\/wp-content\/uploads\/2017\/11\/gu5-e1511241253988-300x219.jpeg 300w, https:\/\/www.caririemacao.com\/1\/wp-content\/uploads\/2017\/11\/gu5-e1511241253988.jpeg 579w\" data-sizes=\"(max-width: 300px) 100vw, 300px\" src=\"data:image\/svg+xml;base64,PHN2ZyB3aWR0aD0iMSIgaGVpZ2h0PSIxIiB4bWxucz0iaHR0cDovL3d3dy53My5vcmcvMjAwMC9zdmciPjwvc3ZnPg==\" style=\"--smush-placeholder-width: 300px; --smush-placeholder-aspect-ratio: 300\/219;\" \/><\/a><\/p>\n<p>Ainda na sess\u00e3o, o vereador Alexsandro Cavalcante (Sandro), solicitou ao prefeito a aquisi\u00e7\u00e3o e instala\u00e7\u00e3o de equipamento de dessaliniza\u00e7\u00e3o em reservat\u00f3rio de \u00e1gua da Comunidade do Estreito.<\/p>\n<p><a href=\"http:\/\/caririemacao.com\/1\/wp-content\/uploads\/2017\/11\/gu.jpg\"><img decoding=\"async\" class=\"aligncenter wp-image-33659 size-medium lazyload\" data-src=\"http:\/\/caririemacao.com\/1\/wp-content\/uploads\/2017\/11\/gu-e1511241292581-300x256.jpg\" alt=\"\" width=\"300\" height=\"256\" data-srcset=\"https:\/\/www.caririemacao.com\/1\/wp-content\/uploads\/2017\/11\/gu-e1511241292581-300x256.jpg 300w, https:\/\/www.caririemacao.com\/1\/wp-content\/uploads\/2017\/11\/gu-e1511241292581.jpg 582w\" data-sizes=\"(max-width: 300px) 100vw, 300px\" src=\"data:image\/svg+xml;base64,PHN2ZyB3aWR0aD0iMSIgaGVpZ2h0PSIxIiB4bWxucz0iaHR0cDovL3d3dy53My5vcmcvMjAwMC9zdmciPjwvc3ZnPg==\" style=\"--smush-placeholder-width: 300px; --smush-placeholder-aspect-ratio: 300\/256;\" \/><\/a><\/p>\n<p>O vereador Marcelo Farias solicitou a Energisa a extens\u00e3o de rede el\u00e9trica para novas unidades habitacionais, mais especificamente, 09 (nove) resid\u00eancias, localizadas na comunidade de Ic\u00f3.<\/p>\n<p><a href=\"http:\/\/caririemacao.com\/1\/wp-content\/uploads\/2017\/11\/gu7.jpg\"><img decoding=\"async\" class=\"size-medium wp-image-33665 aligncenter lazyload\" data-src=\"http:\/\/caririemacao.com\/1\/wp-content\/uploads\/2017\/11\/gu7-300x200.jpg\" alt=\"\" width=\"300\" height=\"200\" data-srcset=\"https:\/\/www.caririemacao.com\/1\/wp-content\/uploads\/2017\/11\/gu7-300x200.jpg 300w, https:\/\/www.caririemacao.com\/1\/wp-content\/uploads\/2017\/11\/gu7-768x512.jpg 768w, https:\/\/www.caririemacao.com\/1\/wp-content\/uploads\/2017\/11\/gu7.jpg 800w\" data-sizes=\"(max-width: 300px) 100vw, 300px\" src=\"data:image\/svg+xml;base64,PHN2ZyB3aWR0aD0iMSIgaGVpZ2h0PSIxIiB4bWxucz0iaHR0cDovL3d3dy53My5vcmcvMjAwMC9zdmciPjwvc3ZnPg==\" style=\"--smush-placeholder-width: 300px; --smush-placeholder-aspect-ratio: 300\/200;\" \/><\/a><\/p>\n<p>O vereador Diogo Coutinho Ramos tamb\u00e9m fez solicita\u00e7\u00e3o a Energisa pedindo a substitui\u00e7\u00e3o do transformador, por outro de maior pot\u00eancia, localizado na \u00e1rea da rede el\u00e9trica em que est\u00e1 situada a comunidade Quixaba. \u201cA presente propositura vem atender apelo dos moradores da Comunidade dos Mor\u00f5es, no munic\u00edpio de Gurj\u00e3o-PB que necessitam de um equipamento que atenda \u00e0s necessidades dos moradores de uso de maquin\u00e1rio como forrageira, bem como, possibilitar a realiza\u00e7\u00e3o das festividades da Comunidade com energia que comporte equipamentos de som\u201d, justificou.<\/p>\n<p>Diogo tamb\u00e9m requereu a ger\u00eancia local da Cagepa para que o abastecimento de \u00e1gua das ruas Antonio Coutinho e \u00c1lvaro Gaud\u00eancio seja normalizado e feito com regularidade como acontece em outros pontos da cidade, j\u00e1 que os moradores das respectivas ruas t\u00eam sido penalizados com a inconst\u00e2ncia no fornecimento de \u00e1gua por parte da CAGEPA.<\/p>\n<p>O parlamentar pediu ainda ao governo municipal a constru\u00e7\u00e3o de um campo de futebol, proporcionando aos desportistas um espa\u00e7o adequado para pr\u00e1tica do esporte, bem como, realizar competi\u00e7\u00f5es e sediar campeonatos regionais neste espa\u00e7o.<\/p>\n<p>Ainda na sess\u00e3o, Diogo apresentou voto de aplauso ao prefeito Ronaldo Queiroz, pelos esfor\u00e7os na pavimenta\u00e7\u00e3o das ruas An\u00e1lia Teixeira de Castro, rua Antero de Farias Souto, Rua C\u00f4nego Jo\u00e3o Marques Pereira, Rua Lindalva Morais da Concei\u00e7\u00e3o Souza, Rua Maria Graciete de Castro Ramos, Rua Severino Benjamim Teixeira, Rua Vereador Enoc C\u00e2ndido de Souza e Rua Z\u00e9lia Maria Fidelis de Farias Gurj\u00e3o.<\/p>\n<p><a href=\"http:\/\/caririemacao.com\/1\/wp-content\/uploads\/2017\/11\/gu2-e1511241326725.jpg\"><img decoding=\"async\" class=\"size-medium wp-image-33660 aligncenter lazyload\" data-src=\"http:\/\/caririemacao.com\/1\/wp-content\/uploads\/2017\/11\/gu2-e1511241326725-300x230.jpg\" alt=\"\" width=\"300\" height=\"230\" data-srcset=\"https:\/\/www.caririemacao.com\/1\/wp-content\/uploads\/2017\/11\/gu2-e1511241326725-300x230.jpg 300w, https:\/\/www.caririemacao.com\/1\/wp-content\/uploads\/2017\/11\/gu2-e1511241326725.jpg 582w\" data-sizes=\"(max-width: 300px) 100vw, 300px\" src=\"data:image\/svg+xml;base64,PHN2ZyB3aWR0aD0iMSIgaGVpZ2h0PSIxIiB4bWxucz0iaHR0cDovL3d3dy53My5vcmcvMjAwMC9zdmciPjwvc3ZnPg==\" style=\"--smush-placeholder-width: 300px; --smush-placeholder-aspect-ratio: 300\/230;\" \/><\/a><\/p>\n<p>A vereadora Niselma Martins Ferreira (Selminha) solicitou que o prefeito analisasse a possibilidade de disponibilizar aulas de capoeira para os alunos da rede municipal de ensino.<\/p>\n<p>Por fim, a vereadora Selminha apresentou Projeto de Lei criando o Boletim Escolar Eletr\u00f4nico, contendo dados como notas, frequ\u00eancia dos alunos e ainda quaisquer que sejam as observa\u00e7\u00f5es que os professores e dire\u00e7\u00e3o do estabelecimento educacional queira levar ao conhecimento dos pais, sendo disponibilizados atrav\u00e9s da internet.<\/p>\n<p><a href=\"http:\/\/caririemacao.com\/1\/wp-content\/uploads\/2017\/11\/gu6.jpeg\"><img decoding=\"async\" class=\"wp-image-33664 size-medium aligncenter lazyload\" data-src=\"http:\/\/caririemacao.com\/1\/wp-content\/uploads\/2017\/11\/gu6-e1511241355982-300x257.jpeg\" alt=\"\" width=\"300\" height=\"257\" data-srcset=\"https:\/\/www.caririemacao.com\/1\/wp-content\/uploads\/2017\/11\/gu6-e1511241355982-300x257.jpeg 300w, https:\/\/www.caririemacao.com\/1\/wp-content\/uploads\/2017\/11\/gu6-e1511241355982.jpeg 579w\" data-sizes=\"(max-width: 300px) 100vw, 300px\" src=\"data:image\/svg+xml;base64,PHN2ZyB3aWR0aD0iMSIgaGVpZ2h0PSIxIiB4bWxucz0iaHR0cDovL3d3dy53My5vcmcvMjAwMC9zdmciPjwvc3ZnPg==\" style=\"--smush-placeholder-width: 300px; --smush-placeholder-aspect-ratio: 300\/257;\" \/><\/a><\/p>\n<p><strong>CARIRI EM A\u00c7\u00c3O<\/strong><\/p>\n<p><strong>Leia mais not\u00edcias em\u00a0<\/strong><a style=\"font-style: inherit; font-weight: inherit;\" href=\"http:\/\/www.caririemacao.com\/\"><strong style=\"font-style: inherit;\">caririemacao.com<\/strong><\/a><strong style=\"font-style: inherit;\">, siga nossa p\u00e1gina no\u00a0<\/strong><a style=\"font-style: inherit; font-weight: inherit;\" href=\"https:\/\/www.facebook.com\/CaririEmAcao\/?ref=aymt_homepage_panel\"><strong style=\"font-style: inherit;\">Facebook<\/strong><\/a>,<strong style=\"font-style: inherit;\">\u00a0<\/strong><a style=\"font-style: inherit; font-weight: inherit;\" href=\"https:\/\/www.instagram.com\/cariri_em_acao\/?hl=pt-br\"><strong style=\"font-style: inherit;\">Instagram<\/strong><\/a><strong style=\"font-style: inherit;\">\u00a0e\u00a0<\/strong><a style=\"font-style: inherit; font-weight: inherit;\" href=\"https:\/\/www.youtube.com\/channel\/UCAptA0jQuYQy8vMhLt2m4qg\"><strong style=\"font-style: inherit;\">Youtube<\/strong><\/a><strong style=\"font-style: inherit;\">\u00a0e veja nossas mat\u00e9rias, v\u00eddeos e fotos. Voc\u00ea tamb\u00e9m pode enviar informa\u00e7\u00f5es \u00e0 Reda\u00e7\u00e3o do Portal Cariri em A\u00e7\u00e3o pelo WhatsApp (83) 9 9634.5791, (83) 9 9601-1162.<\/strong><\/p>\n","protected":false},"excerpt":{"rendered":"<p>Os vereadores gurjaenses estiveram reunidos na noite da \u00faltima sexta-feira, dia 17, na sede da C\u00e2mara de Gurj\u00e3o para debater nove proposituras, entre elas, um&hellip; <\/p>\n","protected":false},"author":2,"featured_media":33662,"comment_status":"closed","ping_status":"closed","sticky":false,"template":"","format":"standard","meta":{"sfsi_plus_gutenberg_text_before_share":"","sfsi_plus_gutenberg_show_text_before_share":"","sfsi_plus_gutenberg_icon_type":"","sfsi_plus_gutenberg_icon_alignemt":"","sfsi_plus_gutenburg_max_per_row":"","footnotes":""},"categories":[2],"tags":[],"class_list":["post-33658","post","type-post","status-publish","format-standard","has-post-thumbnail","hentry","category-geral"],"_links":{"self":[{"href":"https:\/\/www.caririemacao.com\/1\/wp-json\/wp\/v2\/posts\/33658","targetHints":{"allow":["GET"]}}],"collection":[{"href":"https:\/\/www.caririemacao.com\/1\/wp-json\/wp\/v2\/posts"}],"about":[{"href":"https:\/\/www.caririemacao.com\/1\/wp-json\/wp\/v2\/types\/post"}],"author":[{"embeddable":true,"href":"https:\/\/www.caririemacao.com\/1\/wp-json\/wp\/v2\/users\/2"}],"replies":[{"embeddable":true,"href":"https:\/\/www.caririemacao.com\/1\/wp-json\/wp\/v2\/comments?post=33658"}],"version-history":[{"count":0,"href":"https:\/\/www.caririemacao.com\/1\/wp-json\/wp\/v2\/posts\/33658\/revisions"}],"wp:featuredmedia":[{"embeddable":true,"href":"https:\/\/www.caririemacao.com\/1\/wp-json\/wp\/v2\/media\/33662"}],"wp:attachment":[{"href":"https:\/\/www.caririemacao.com\/1\/wp-json\/wp\/v2\/media?parent=33658"}],"wp:term":[{"taxonomy":"category","embeddable":true,"href":"https:\/\/www.caririemacao.com\/1\/wp-json\/wp\/v2\/categories?post=33658"},{"taxonomy":"post_tag","embeddable":true,"href":"https:\/\/www.caririemacao.com\/1\/wp-json\/wp\/v2\/tags?post=33658"}],"curies":[{"name":"wp","href":"https:\/\/api.w.org\/{rel}","templated":true}]}}