{"id":33673,"date":"2017-11-21T02:45:55","date_gmt":"2017-11-21T05:45:55","guid":{"rendered":"http:\/\/caririemacao.com\/1\/?p=33673"},"modified":"2017-11-21T08:26:53","modified_gmt":"2017-11-21T11:26:53","slug":"vereadores-do-cariri-participam-de-audiencia-em-defesa-dos-trabalhadores","status":"publish","type":"post","link":"https:\/\/www.caririemacao.com\/1\/2017\/11\/21\/vereadores-do-cariri-participam-de-audiencia-em-defesa-dos-trabalhadores\/","title":{"rendered":"Vereadores do Cariri participam de Audi\u00eancia em defesa dos trabalhadores"},"content":{"rendered":"<p>Os vereadores de S\u00e3o Jo\u00e3o do Cariri, Francisco J\u00fanior (PC do B), e Gurj\u00e3o, Marcelo Farias (PSDB), participaram nesta segunda-feira, dia 20, de uma importante audi\u00eancia p\u00fablica na C\u00e2mara de Campina Grande.<\/p>\n<p>A audi\u00eancia teve como objetivo debater a Reforma da Previd\u00eancia, em defesa dos trabalhadores.<\/p>\n<p><a href=\"http:\/\/caririemacao.com\/1\/wp-content\/uploads\/2017\/11\/fr2-e1511243071812.jpg\"><img fetchpriority=\"high\" decoding=\"async\" class=\"size-medium wp-image-33671 aligncenter\" src=\"http:\/\/caririemacao.com\/1\/wp-content\/uploads\/2017\/11\/fr2-e1511243071812-300x194.jpg\" alt=\"\" width=\"300\" height=\"194\" srcset=\"https:\/\/www.caririemacao.com\/1\/wp-content\/uploads\/2017\/11\/fr2-e1511243071812-300x194.jpg 300w, https:\/\/www.caririemacao.com\/1\/wp-content\/uploads\/2017\/11\/fr2-e1511243071812.jpg 710w\" sizes=\"(max-width: 300px) 100vw, 300px\" \/><\/a><\/p>\n<p>Segundo Francisco J\u00fanior, a reforma previdenci\u00e1ria \u00e9 prejudicial aos trabalhadores de S\u00e3o Jo\u00e3o do Cariri e da regi\u00e3o.<\/p>\n<p><strong>CARIRI EM A\u00c7\u00c3O<\/strong><\/p>\n<p><strong>Leia mais not\u00edcias em\u00a0<\/strong><a href=\"http:\/\/www.caririemacao.com\/\"><strong>caririemacao.com<\/strong><\/a><strong>, siga nossa p\u00e1gina no\u00a0<\/strong><a href=\"https:\/\/www.facebook.com\/CaririEmAcao\/?ref=aymt_homepage_panel\"><strong>Facebook<\/strong><\/a>,<strong>\u00a0<\/strong><a href=\"https:\/\/www.instagram.com\/cariri_em_acao\/?hl=pt-br\"><strong>Instagram<\/strong><\/a><strong>\u00a0e\u00a0<\/strong><a href=\"https:\/\/www.youtube.com\/channel\/UCAptA0jQuYQy8vMhLt2m4qg\"><strong>Youtube<\/strong><\/a><strong>\u00a0e veja nossas mat\u00e9rias, v\u00eddeos e fotos. Voc\u00ea tamb\u00e9m pode enviar informa\u00e7\u00f5es \u00e0 Reda\u00e7\u00e3o do Portal Cariri em A\u00e7\u00e3o pelo WhatsApp (83) 9 9634.5791, (83) 9 9601-1162.<\/strong><\/p>\n","protected":false},"excerpt":{"rendered":"<p>Os vereadores de S\u00e3o Jo\u00e3o do Cariri, Francisco J\u00fanior (PC do B), e Gurj\u00e3o, Marcelo Farias (PSDB), participaram nesta segunda-feira, dia 20, de uma importante&hellip; <\/p>\n","protected":false},"author":2,"featured_media":33670,"comment_status":"closed","ping_status":"closed","sticky":false,"template":"","format":"standard","meta":{"sfsi_plus_gutenberg_text_before_share":"","sfsi_plus_gutenberg_show_text_before_share":"","sfsi_plus_gutenberg_icon_type":"","sfsi_plus_gutenberg_icon_alignemt":"","sfsi_plus_gutenburg_max_per_row":"","footnotes":""},"categories":[6],"tags":[],"class_list":["post-33673","post","type-post","status-publish","format-standard","has-post-thumbnail","hentry","category-cidades"],"_links":{"self":[{"href":"https:\/\/www.caririemacao.com\/1\/wp-json\/wp\/v2\/posts\/33673","targetHints":{"allow":["GET"]}}],"collection":[{"href":"https:\/\/www.caririemacao.com\/1\/wp-json\/wp\/v2\/posts"}],"about":[{"href":"https:\/\/www.caririemacao.com\/1\/wp-json\/wp\/v2\/types\/post"}],"author":[{"embeddable":true,"href":"https:\/\/www.caririemacao.com\/1\/wp-json\/wp\/v2\/users\/2"}],"replies":[{"embeddable":true,"href":"https:\/\/www.caririemacao.com\/1\/wp-json\/wp\/v2\/comments?post=33673"}],"version-history":[{"count":0,"href":"https:\/\/www.caririemacao.com\/1\/wp-json\/wp\/v2\/posts\/33673\/revisions"}],"wp:featuredmedia":[{"embeddable":true,"href":"https:\/\/www.caririemacao.com\/1\/wp-json\/wp\/v2\/media\/33670"}],"wp:attachment":[{"href":"https:\/\/www.caririemacao.com\/1\/wp-json\/wp\/v2\/media?parent=33673"}],"wp:term":[{"taxonomy":"category","embeddable":true,"href":"https:\/\/www.caririemacao.com\/1\/wp-json\/wp\/v2\/categories?post=33673"},{"taxonomy":"post_tag","embeddable":true,"href":"https:\/\/www.caririemacao.com\/1\/wp-json\/wp\/v2\/tags?post=33673"}],"curies":[{"name":"wp","href":"https:\/\/api.w.org\/{rel}","templated":true}]}}