{"id":33710,"date":"2017-11-21T12:12:15","date_gmt":"2017-11-21T15:12:15","guid":{"rendered":"http:\/\/caririemacao.com\/1\/?p=33710"},"modified":"2017-11-21T12:12:15","modified_gmt":"2017-11-21T15:12:15","slug":"secretaria-de-educacao-de-sume-realiza-evento-sobre-educacao-no-transito","status":"publish","type":"post","link":"https:\/\/www.caririemacao.com\/1\/2017\/11\/21\/secretaria-de-educacao-de-sume-realiza-evento-sobre-educacao-no-transito\/","title":{"rendered":"Secretaria de Educa\u00e7\u00e3o de Sum\u00e9 realiza evento sobre Educa\u00e7\u00e3o no Tr\u00e2nsito"},"content":{"rendered":"<p>A Secretaria Municipal de Educa\u00e7\u00e3o realizou na segunda-feira (20), a culmin\u00e2ncia dos trabalhos do Projeto de Educa\u00e7\u00e3o no Tr\u00e2nsito que estava sendo realizado nas escolas desde o primeiro semestre.<\/p>\n<p><a href=\"http:\/\/caririemacao.com\/1\/wp-content\/uploads\/2017\/11\/DSC_0024-1.jpg\"><img fetchpriority=\"high\" decoding=\"async\" class=\"size-medium wp-image-33713 aligncenter\" src=\"http:\/\/caririemacao.com\/1\/wp-content\/uploads\/2017\/11\/DSC_0024-1-300x200.jpg\" alt=\"\" width=\"300\" height=\"200\" srcset=\"https:\/\/www.caririemacao.com\/1\/wp-content\/uploads\/2017\/11\/DSC_0024-1-300x200.jpg 300w, https:\/\/www.caririemacao.com\/1\/wp-content\/uploads\/2017\/11\/DSC_0024-1-768x511.jpg 768w, https:\/\/www.caririemacao.com\/1\/wp-content\/uploads\/2017\/11\/DSC_0024-1.jpg 1024w\" sizes=\"(max-width: 300px) 100vw, 300px\" \/><\/a><\/p>\n<p>Pela manh\u00e3, alunos e professores realizaram uma a\u00e7\u00e3o coletiva no centro da cidade para chamar a aten\u00e7\u00e3o da sociedade sobre a import\u00e2ncia da obedi\u00eancia \u00e0s leis de tr\u00e2nsito.<\/p>\n<p>Os grupos realizaram panfletagem, teatro de fantoches, orienta\u00e7\u00f5es aos motoristas na faixa de pedestres, aplicaram multa simb\u00f3lica e participaram de um debate num programa de r\u00e1dio local.<\/p>\n<p><a href=\"http:\/\/caririemacao.com\/1\/wp-content\/uploads\/2017\/11\/DSC_0037.jpg\"><img decoding=\"async\" class=\"size-medium wp-image-33711 aligncenter lazyload\" data-src=\"http:\/\/caririemacao.com\/1\/wp-content\/uploads\/2017\/11\/DSC_0037-300x200.jpg\" alt=\"\" width=\"300\" height=\"200\" data-srcset=\"https:\/\/www.caririemacao.com\/1\/wp-content\/uploads\/2017\/11\/DSC_0037-300x200.jpg 300w, https:\/\/www.caririemacao.com\/1\/wp-content\/uploads\/2017\/11\/DSC_0037-768x511.jpg 768w, https:\/\/www.caririemacao.com\/1\/wp-content\/uploads\/2017\/11\/DSC_0037.jpg 1024w\" data-sizes=\"(max-width: 300px) 100vw, 300px\" src=\"data:image\/svg+xml;base64,PHN2ZyB3aWR0aD0iMSIgaGVpZ2h0PSIxIiB4bWxucz0iaHR0cDovL3d3dy53My5vcmcvMjAwMC9zdmciPjwvc3ZnPg==\" style=\"--smush-placeholder-width: 300px; --smush-placeholder-aspect-ratio: 300\/200;\" \/><\/a><\/p>\n<p>\u00c0 noite na pra\u00e7a Jos\u00e9 Am\u00e9rico, os professores da rede e os parceiros envolvidos apresentaram v\u00eddeos e relatos de experi\u00eancias sobre o tema.<\/p>\n<p>Tamb\u00e9m foram parceiros do projeto, a UEPB, o Detran, a Pol\u00edcia Rodovi\u00e1ria Federal e a C\u00e2mara de Vereadores.<\/p>\n<p>O coordenador do Projeto de Educa\u00e7\u00e3o para o Tr\u00e2nsito UEPB\/Detran, Ade\u00edlson Silva Tavares, parabenizou a Secretaria de Educa\u00e7\u00e3o e os professores e disse tamb\u00e9m que faz uma avalia\u00e7\u00e3o positiva do projeto e que espera na sua continuidade, o envolvimento de outros seguimentos da sociedade como a pol\u00edcia militar e o com\u00e9rcio local.<\/p>\n<p><strong>CARIRI EM A\u00c7\u00c3O<\/strong><\/p>\n<p>Ascom<\/p>\n<p>Leia mais not\u00edcias em\u00a0<a href=\"http:\/\/www.caririemacao.com\/\">caririemacao.com<\/a>, siga nossa p\u00e1gina no\u00a0<a href=\"https:\/\/www.facebook.com\/CaririEmAcao\/?ref=aymt_homepage_panel\">Facebook<\/a>,\u00a0<a href=\"https:\/\/www.instagram.com\/cariri_em_acao\/?hl=pt-br\">Instagram<\/a>\u00a0e <a href=\"https:\/\/www.youtube.com\/channel\/UCAptA0jQuYQy8vMhLt2m4qg\">Youtube<\/a>\u00a0e veja nossas mat\u00e9rias, v\u00eddeos e fotos. Voc\u00ea tamb\u00e9m pode enviar informa\u00e7\u00f5es \u00e0 Reda\u00e7\u00e3o do Portal Cariri em A\u00e7\u00e3o pelo WhatsApp (83) 9 9634.5791, (83) 9 9601-1162.<\/p>\n","protected":false},"excerpt":{"rendered":"<p>A Secretaria Municipal de Educa\u00e7\u00e3o realizou na segunda-feira (20), a culmin\u00e2ncia dos trabalhos do Projeto de Educa\u00e7\u00e3o no Tr\u00e2nsito que estava sendo realizado nas escolas&hellip; <\/p>\n","protected":false},"author":2,"featured_media":33712,"comment_status":"closed","ping_status":"closed","sticky":false,"template":"","format":"standard","meta":{"sfsi_plus_gutenberg_text_before_share":"","sfsi_plus_gutenberg_show_text_before_share":"","sfsi_plus_gutenberg_icon_type":"","sfsi_plus_gutenberg_icon_alignemt":"","sfsi_plus_gutenburg_max_per_row":"","footnotes":""},"categories":[6],"tags":[],"class_list":["post-33710","post","type-post","status-publish","format-standard","has-post-thumbnail","hentry","category-cidades"],"_links":{"self":[{"href":"https:\/\/www.caririemacao.com\/1\/wp-json\/wp\/v2\/posts\/33710","targetHints":{"allow":["GET"]}}],"collection":[{"href":"https:\/\/www.caririemacao.com\/1\/wp-json\/wp\/v2\/posts"}],"about":[{"href":"https:\/\/www.caririemacao.com\/1\/wp-json\/wp\/v2\/types\/post"}],"author":[{"embeddable":true,"href":"https:\/\/www.caririemacao.com\/1\/wp-json\/wp\/v2\/users\/2"}],"replies":[{"embeddable":true,"href":"https:\/\/www.caririemacao.com\/1\/wp-json\/wp\/v2\/comments?post=33710"}],"version-history":[{"count":0,"href":"https:\/\/www.caririemacao.com\/1\/wp-json\/wp\/v2\/posts\/33710\/revisions"}],"wp:featuredmedia":[{"embeddable":true,"href":"https:\/\/www.caririemacao.com\/1\/wp-json\/wp\/v2\/media\/33712"}],"wp:attachment":[{"href":"https:\/\/www.caririemacao.com\/1\/wp-json\/wp\/v2\/media?parent=33710"}],"wp:term":[{"taxonomy":"category","embeddable":true,"href":"https:\/\/www.caririemacao.com\/1\/wp-json\/wp\/v2\/categories?post=33710"},{"taxonomy":"post_tag","embeddable":true,"href":"https:\/\/www.caririemacao.com\/1\/wp-json\/wp\/v2\/tags?post=33710"}],"curies":[{"name":"wp","href":"https:\/\/api.w.org\/{rel}","templated":true}]}}