{"id":33716,"date":"2017-11-21T12:41:19","date_gmt":"2017-11-21T15:41:19","guid":{"rendered":"http:\/\/caririemacao.com\/1\/?p=33716"},"modified":"2017-11-21T15:14:50","modified_gmt":"2017-11-21T18:14:50","slug":"populacao-escolhe-prioridades-para-sede-do-municipio-de-sao-jose-dos-cordeiros","status":"publish","type":"post","link":"https:\/\/www.caririemacao.com\/1\/2017\/11\/21\/populacao-escolhe-prioridades-para-sede-do-municipio-de-sao-jose-dos-cordeiros\/","title":{"rendered":"Popula\u00e7\u00e3o escolhe prioridades para sede do munic\u00edpio de S\u00e3o Jos\u00e9 dos Cordeiros"},"content":{"rendered":"<p>A Prefeitura de S\u00e3o Jos\u00e9 dos Cordeiros realizou na manh\u00e3 desta ter\u00e7a-feira, dia 21, na sede do munic\u00edpio, a \u00faltima plen\u00e1ria do Or\u00e7amento Democr\u00e1tico Municipal, no total de sete plen\u00e1rias, seis na zona rural e uma na sede do munic\u00edpio.<\/p>\n<p>A plen\u00e1ria contou com a presen\u00e7a do prefeito Jefferson Roberto, secret\u00e1rios, vereadores e a participa\u00e7\u00e3o expressiva da popula\u00e7\u00e3o.\u00a0 A plen\u00e1ria serviu para que as pessoas sugerissem quais as prioridades para a sede do munic\u00edpio.<\/p>\n<p>Ap\u00f3s v\u00e1rios debates e a participa\u00e7\u00e3o das pessoas dando suas sugest\u00f5es, no final, o prefeito anunciou as tr\u00eas prioridades escolhidas pelo povo na plen\u00e1ria s\u00e3o: reforma da Escola Manoel da Silva, recupera\u00e7\u00e3o de pavimenta\u00e7\u00e3o em paralelep\u00edpedos (cal\u00e7amento) e melhoria na ilumina\u00e7\u00e3o p\u00fablica.<\/p>\n<p><a href=\"http:\/\/caririemacao.com\/1\/wp-content\/uploads\/2017\/11\/23846760_1377666439023451_209114396_o.jpg\"><img fetchpriority=\"high\" decoding=\"async\" class=\"aligncenter wp-image-33717 size-full\" src=\"http:\/\/caririemacao.com\/1\/wp-content\/uploads\/2017\/11\/23846760_1377666439023451_209114396_o.jpg\" alt=\"\" width=\"1032\" height=\"581\" srcset=\"https:\/\/www.caririemacao.com\/1\/wp-content\/uploads\/2017\/11\/23846760_1377666439023451_209114396_o.jpg 1032w, https:\/\/www.caririemacao.com\/1\/wp-content\/uploads\/2017\/11\/23846760_1377666439023451_209114396_o-300x169.jpg 300w, https:\/\/www.caririemacao.com\/1\/wp-content\/uploads\/2017\/11\/23846760_1377666439023451_209114396_o-768x432.jpg 768w, https:\/\/www.caririemacao.com\/1\/wp-content\/uploads\/2017\/11\/23846760_1377666439023451_209114396_o-1024x576.jpg 1024w\" sizes=\"(max-width: 1032px) 100vw, 1032px\" \/><\/a><\/p>\n<p>O prefeito aproveitou para agradecer a presen\u00e7a de todos e dizer que o Or\u00e7amento Municipal \u00e9 um mecanismo governamental de democracia participativa, que permitiu aos cidad\u00e3os influenciar ou decidir sobre o or\u00e7amento p\u00fablico do pr\u00f3ximo ano. \u201cVamos trabalhar e buscar atender as demandas das pessoas que participaram das sete plen\u00e1rias em todo munic\u00edpio\u201d, agradeceu o prefeito.<\/p>\n<p><div class=\"ose- ose-uid-d0c6d85c48edd3b68b195557a5731ed8 ose-embedpress-responsive\" style=\"width:600px; height:550px; max-height:550px; max-width:100%; display:inline-block;\" data-embed-type=\"Facebook\"><iframe allowFullScreen=\"true\" class=\"embera-facebook-iframe-2b824 lazyload\" data-src=\"https:\/\/www.facebook.com\/plugins\/post.php?href=https%3A%2F%2Fwww.facebook.com%2Fmedia%2Fset%2F%3Fset%3Da.1133176710151684.1073742610.302749469861083%26%23038%3Btype%3D1%26%23038%3Bl%3Df7545d3008&width=600&height=550&show_text=true\" width=\"600\" height=\"550\" style=\"border:none;overflow:hidden\" scrolling=\"no\" frameborder=\"0\" allowTransparency=\"true\" src=\"data:image\/svg+xml;base64,PHN2ZyB3aWR0aD0iMSIgaGVpZ2h0PSIxIiB4bWxucz0iaHR0cDovL3d3dy53My5vcmcvMjAwMC9zdmciPjwvc3ZnPg==\" data-load-mode=\"1\"><\/iframe><\/div><\/p>\n<p><strong>CARIRI EM A\u00c7\u00c3O<\/strong><\/p>\n<p><strong>Leia mais not\u00edcias em\u00a0<\/strong><a href=\"http:\/\/www.caririemacao.com\/\"><strong>caririemacao.com<\/strong><\/a><strong>, siga nossa p\u00e1gina no\u00a0<\/strong><a href=\"https:\/\/www.facebook.com\/CaririEmAcao\/?ref=aymt_homepage_panel\"><strong>Facebook<\/strong><\/a>,<strong>\u00a0<\/strong><a href=\"https:\/\/www.instagram.com\/cariri_em_acao\/?hl=pt-br\"><strong>Instagram<\/strong><\/a><strong>\u00a0e\u00a0<\/strong><a href=\"https:\/\/www.youtube.com\/channel\/UCAptA0jQuYQy8vMhLt2m4qg\"><strong>Youtube<\/strong><\/a><strong>\u00a0e veja nossas mat\u00e9rias, v\u00eddeos e fotos. Voc\u00ea tamb\u00e9m pode enviar informa\u00e7\u00f5es \u00e0 Reda\u00e7\u00e3o do Portal Cariri em A\u00e7\u00e3o pelo WhatsApp (83) 9 9634.5791, (83) 9 9601-1162.<\/strong><\/p>\n","protected":false},"excerpt":{"rendered":"<p>A Prefeitura de S\u00e3o Jos\u00e9 dos Cordeiros realizou na manh\u00e3 desta ter\u00e7a-feira, dia 21, na sede do munic\u00edpio, a \u00faltima plen\u00e1ria do Or\u00e7amento Democr\u00e1tico Municipal,&hellip; <\/p>\n","protected":false},"author":2,"featured_media":33727,"comment_status":"closed","ping_status":"closed","sticky":false,"template":"","format":"standard","meta":{"sfsi_plus_gutenberg_text_before_share":"","sfsi_plus_gutenberg_show_text_before_share":"","sfsi_plus_gutenberg_icon_type":"","sfsi_plus_gutenberg_icon_alignemt":"","sfsi_plus_gutenburg_max_per_row":"","footnotes":""},"categories":[6],"tags":[],"class_list":["post-33716","post","type-post","status-publish","format-standard","has-post-thumbnail","hentry","category-cidades"],"_links":{"self":[{"href":"https:\/\/www.caririemacao.com\/1\/wp-json\/wp\/v2\/posts\/33716","targetHints":{"allow":["GET"]}}],"collection":[{"href":"https:\/\/www.caririemacao.com\/1\/wp-json\/wp\/v2\/posts"}],"about":[{"href":"https:\/\/www.caririemacao.com\/1\/wp-json\/wp\/v2\/types\/post"}],"author":[{"embeddable":true,"href":"https:\/\/www.caririemacao.com\/1\/wp-json\/wp\/v2\/users\/2"}],"replies":[{"embeddable":true,"href":"https:\/\/www.caririemacao.com\/1\/wp-json\/wp\/v2\/comments?post=33716"}],"version-history":[{"count":0,"href":"https:\/\/www.caririemacao.com\/1\/wp-json\/wp\/v2\/posts\/33716\/revisions"}],"wp:featuredmedia":[{"embeddable":true,"href":"https:\/\/www.caririemacao.com\/1\/wp-json\/wp\/v2\/media\/33727"}],"wp:attachment":[{"href":"https:\/\/www.caririemacao.com\/1\/wp-json\/wp\/v2\/media?parent=33716"}],"wp:term":[{"taxonomy":"category","embeddable":true,"href":"https:\/\/www.caririemacao.com\/1\/wp-json\/wp\/v2\/categories?post=33716"},{"taxonomy":"post_tag","embeddable":true,"href":"https:\/\/www.caririemacao.com\/1\/wp-json\/wp\/v2\/tags?post=33716"}],"curies":[{"name":"wp","href":"https:\/\/api.w.org\/{rel}","templated":true}]}}