{"id":33730,"date":"2017-11-21T21:50:29","date_gmt":"2017-11-22T00:50:29","guid":{"rendered":"http:\/\/caririemacao.com\/1\/?p=33730"},"modified":"2017-11-21T21:50:29","modified_gmt":"2017-11-22T00:50:29","slug":"escola-jornalista-jose-leal-ramos-ganha-premio-estadual","status":"publish","type":"post","link":"https:\/\/www.caririemacao.com\/1\/2017\/11\/21\/escola-jornalista-jose-leal-ramos-ganha-premio-estadual\/","title":{"rendered":"Escola Jornalista Jos\u00e9 Leal Ramos ganha pr\u00eamio estadual"},"content":{"rendered":"<p>O Governo do Estado por meio da Secretaria de Educa\u00e7\u00e3o (SEE) lan\u00e7ou o Pr\u00eamio Estadual de Educa\u00e7\u00e3o para equidade racial &#8211; Jo\u00e3o Balula, com o tema lideran\u00e7as negras na Para\u00edba, o concurso foi destinado aos alunos de escolas p\u00fablicas da rede estadual de ensino regularmente matriculados no ensino m\u00e9dio. O pr\u00eamio visa estimular e fortalecer a reflex\u00e3o cr\u00edtica na educa\u00e7\u00e3o.<\/p>\n<p><a href=\"http:\/\/caririemacao.com\/1\/wp-content\/uploads\/2017\/11\/23828732_1544032709043535_713030813_o.jpg\"><img fetchpriority=\"high\" decoding=\"async\" class=\"size-medium wp-image-33734 aligncenter\" src=\"http:\/\/caririemacao.com\/1\/wp-content\/uploads\/2017\/11\/23828732_1544032709043535_713030813_o-300x225.jpg\" alt=\"\" width=\"300\" height=\"225\" srcset=\"https:\/\/www.caririemacao.com\/1\/wp-content\/uploads\/2017\/11\/23828732_1544032709043535_713030813_o-300x225.jpg 300w, https:\/\/www.caririemacao.com\/1\/wp-content\/uploads\/2017\/11\/23828732_1544032709043535_713030813_o-768x576.jpg 768w, https:\/\/www.caririemacao.com\/1\/wp-content\/uploads\/2017\/11\/23828732_1544032709043535_713030813_o-1024x768.jpg 1024w, https:\/\/www.caririemacao.com\/1\/wp-content\/uploads\/2017\/11\/23828732_1544032709043535_713030813_o.jpg 1040w\" sizes=\"(max-width: 300px) 100vw, 300px\" \/><\/a><\/p>\n<p>O aluno Natan Ramos de Souza da Escola Estadual Jornalista Jos\u00e9 Leal Ramos pertencente a 5\u00aa Ger\u00eancia Regional de Educa\u00e7\u00e3o, orientado pelo professor Yuri Bonaldo Ramos Nilo, recebeu premia\u00e7\u00e3o destaque na categoria fotografia a n\u00edvel estadual. O aluno Natan e o professor Yuri levaram um pouco da hist\u00f3ria do maestro Jackson da Fanfarra municipal de S\u00e3o Jo\u00e3o do Cariri como lideran\u00e7a negra e social do munic\u00edpio. O aluno Natan que \u00e9 pertencente ao Distrito de Malhada da Ro\u00e7a\/S\u00e3o Jo\u00e3o do Cariri, foi destaque ficando entre as 14 melhores escolas da Para\u00edba na categoria fotografia.<\/p>\n<p><a href=\"http:\/\/caririemacao.com\/1\/wp-content\/uploads\/2017\/11\/23847731_1544032549043551_1609684457_o.jpg\"><img decoding=\"async\" class=\"size-medium wp-image-33732 aligncenter lazyload\" data-src=\"http:\/\/caririemacao.com\/1\/wp-content\/uploads\/2017\/11\/23847731_1544032549043551_1609684457_o-300x225.jpg\" alt=\"\" width=\"300\" height=\"225\" data-srcset=\"https:\/\/www.caririemacao.com\/1\/wp-content\/uploads\/2017\/11\/23847731_1544032549043551_1609684457_o-300x225.jpg 300w, https:\/\/www.caririemacao.com\/1\/wp-content\/uploads\/2017\/11\/23847731_1544032549043551_1609684457_o-768x576.jpg 768w, https:\/\/www.caririemacao.com\/1\/wp-content\/uploads\/2017\/11\/23847731_1544032549043551_1609684457_o-1024x768.jpg 1024w, https:\/\/www.caririemacao.com\/1\/wp-content\/uploads\/2017\/11\/23847731_1544032549043551_1609684457_o.jpg 1040w\" data-sizes=\"(max-width: 300px) 100vw, 300px\" src=\"data:image\/svg+xml;base64,PHN2ZyB3aWR0aD0iMSIgaGVpZ2h0PSIxIiB4bWxucz0iaHR0cDovL3d3dy53My5vcmcvMjAwMC9zdmciPjwvc3ZnPg==\" style=\"--smush-placeholder-width: 300px; --smush-placeholder-aspect-ratio: 300\/225;\" \/><\/a><\/p>\n<p>A 5\u00aa Regional ainda contou com o aluno Emerson da Escola Estadual Jos\u00e9 Leite &#8211; Monteiro como premiado na categoria V\u00eddeo. O pr\u00eamio Jo\u00e3o Balula \u00e9 uma iniciativa da SES, por interm\u00e9dio da ger\u00eancia executiva de diversidade e inclus\u00e3o-GEDI, em parceria com a ger\u00eancia executiva de ensino m\u00e9dio em atendimento ao f\u00f3rum estadual de educa\u00e7\u00e3o etno-racial na Para\u00edba e se concentra nas \u00e1reas das rela\u00e7\u00f5es \u00e9tnico-raciais.<\/p>\n<p>Foram premiados ao todo 28 escolas estaduais. A premia\u00e7\u00e3o ocorreu no centro de forma\u00e7\u00e3o de professores em Jo\u00e3o Pessoa.<\/p>\n<p><strong>CARIRI EM A\u00c7\u00c3O<\/strong><\/p>\n<p>Ascom<\/p>\n<p><strong>Leia mais not\u00edcias em\u00a0<\/strong><a href=\"http:\/\/www.caririemacao.com\/\"><strong>caririemacao.com<\/strong><\/a><strong>, siga nossa p\u00e1gina no\u00a0<\/strong><a href=\"https:\/\/www.facebook.com\/CaririEmAcao\/?ref=aymt_homepage_panel\"><strong>Facebook<\/strong><\/a><strong>,\u00a0<\/strong><a href=\"https:\/\/www.instagram.com\/cariri_em_acao\/?hl=pt-br\"><strong>Instagram<\/strong><\/a><strong>\u00a0e <\/strong><a href=\"https:\/\/www.youtube.com\/channel\/UCAptA0jQuYQy8vMhLt2m4qg\"><strong>Youtube<\/strong><\/a><strong>\u00a0e veja nossas mat\u00e9rias, v\u00eddeos e fotos. Voc\u00ea tamb\u00e9m pode enviar informa\u00e7\u00f5es \u00e0 Reda\u00e7\u00e3o do Portal Cariri em A\u00e7\u00e3o pelo WhatsApp (83) 9 9634.5791, (83) 9 9601-1162.<\/strong><\/p>\n","protected":false},"excerpt":{"rendered":"<p>O Governo do Estado por meio da Secretaria de Educa\u00e7\u00e3o (SEE) lan\u00e7ou o Pr\u00eamio Estadual de Educa\u00e7\u00e3o para equidade racial &#8211; Jo\u00e3o Balula, com o&hellip; <\/p>\n","protected":false},"author":2,"featured_media":33733,"comment_status":"closed","ping_status":"closed","sticky":false,"template":"","format":"standard","meta":{"sfsi_plus_gutenberg_text_before_share":"","sfsi_plus_gutenberg_show_text_before_share":"","sfsi_plus_gutenberg_icon_type":"","sfsi_plus_gutenberg_icon_alignemt":"","sfsi_plus_gutenburg_max_per_row":"","footnotes":""},"categories":[2],"tags":[],"class_list":["post-33730","post","type-post","status-publish","format-standard","has-post-thumbnail","hentry","category-geral"],"_links":{"self":[{"href":"https:\/\/www.caririemacao.com\/1\/wp-json\/wp\/v2\/posts\/33730","targetHints":{"allow":["GET"]}}],"collection":[{"href":"https:\/\/www.caririemacao.com\/1\/wp-json\/wp\/v2\/posts"}],"about":[{"href":"https:\/\/www.caririemacao.com\/1\/wp-json\/wp\/v2\/types\/post"}],"author":[{"embeddable":true,"href":"https:\/\/www.caririemacao.com\/1\/wp-json\/wp\/v2\/users\/2"}],"replies":[{"embeddable":true,"href":"https:\/\/www.caririemacao.com\/1\/wp-json\/wp\/v2\/comments?post=33730"}],"version-history":[{"count":0,"href":"https:\/\/www.caririemacao.com\/1\/wp-json\/wp\/v2\/posts\/33730\/revisions"}],"wp:featuredmedia":[{"embeddable":true,"href":"https:\/\/www.caririemacao.com\/1\/wp-json\/wp\/v2\/media\/33733"}],"wp:attachment":[{"href":"https:\/\/www.caririemacao.com\/1\/wp-json\/wp\/v2\/media?parent=33730"}],"wp:term":[{"taxonomy":"category","embeddable":true,"href":"https:\/\/www.caririemacao.com\/1\/wp-json\/wp\/v2\/categories?post=33730"},{"taxonomy":"post_tag","embeddable":true,"href":"https:\/\/www.caririemacao.com\/1\/wp-json\/wp\/v2\/tags?post=33730"}],"curies":[{"name":"wp","href":"https:\/\/api.w.org\/{rel}","templated":true}]}}