{"id":33736,"date":"2017-11-21T22:14:54","date_gmt":"2017-11-22T01:14:54","guid":{"rendered":"http:\/\/caririemacao.com\/1\/?p=33736"},"modified":"2017-11-21T22:14:54","modified_gmt":"2017-11-22T01:14:54","slug":"prefeitura-de-caraubas-distribui-alimentos-da-agricultura-familiar-para-a-populacao","status":"publish","type":"post","link":"https:\/\/www.caririemacao.com\/1\/2017\/11\/21\/prefeitura-de-caraubas-distribui-alimentos-da-agricultura-familiar-para-a-populacao\/","title":{"rendered":"Prefeitura de Cara\u00fabas distribui alimentos da agricultura familiar para a popula\u00e7\u00e3o"},"content":{"rendered":"<p>A Prefeitura Municipal de Cara\u00fabas, atrav\u00e9s da Secret\u00e1ria de Agricultura e da Secretaria de Assist\u00eancia Social, distribuiu cestas de produtos da agricultura familiar para as fam\u00edlias mais carentes do munic\u00edpio.<\/p>\n<p><a href=\"http:\/\/caririemacao.com\/1\/wp-content\/uploads\/2017\/11\/23722490_937898489694806_6623279003616981084_n.jpg\"><img fetchpriority=\"high\" decoding=\"async\" class=\"size-medium wp-image-33737 aligncenter\" src=\"http:\/\/caririemacao.com\/1\/wp-content\/uploads\/2017\/11\/23722490_937898489694806_6623279003616981084_n-300x169.jpg\" alt=\"\" width=\"300\" height=\"169\" \/><\/a><\/p>\n<p>No total, foram 382 fam\u00edlias beneficiadas com a distribui\u00e7\u00e3o dos produtos, atrav\u00e9s do Programa de Aquisi\u00e7\u00e3o de Alimentos do Governo do Estado da Para\u00edba.\u00a0Os produtos distribu\u00eddos s\u00e3o adquiridos de agricultores\u00a0locais da comunidade de Ponta de Serra.<\/p>\n<p>A secret\u00e1ria de assist\u00eancia social de Cara\u00fabas disse que daqui at\u00e9 o dia 20 de dezembro ser\u00e3o realizadas cinco entregas e que os benefici\u00e1rios ir\u00e3o receber semanalmente cestas com grande variedade de alimentos.<br \/>\nNa entrega desta ter\u00e7a-feira, foram distribu\u00eddos batata doce, jerimum, milho verde, beterraba, cebola, tomate, piment\u00e3o, maxixe, melancia e coentro.<\/p>\n<p>J\u00e1 nesta quarta-feira, dia 22, a entrega ser\u00e1 para os benefici\u00e1rios da regi\u00e3o do distrito de Barreiras. A entrega ser\u00e1 a partir das 14h no mercado p\u00fablico municipal daquela localidade.<\/p>\n<p><strong>CARIRI EM A\u00c7\u00c3O<\/strong><\/p>\n<p><strong>Leia mais not\u00edcias em\u00a0<\/strong><a href=\"http:\/\/www.caririemacao.com\/\"><strong>caririemacao.com<\/strong><\/a><strong>, siga nossa p\u00e1gina no\u00a0<\/strong><a href=\"https:\/\/www.facebook.com\/CaririEmAcao\/?ref=aymt_homepage_panel\"><strong>Facebook<\/strong><\/a><strong>,\u00a0<\/strong><a href=\"https:\/\/www.instagram.com\/cariri_em_acao\/?hl=pt-br\"><strong>Instagram<\/strong><\/a><strong>\u00a0e <\/strong><a href=\"https:\/\/www.youtube.com\/channel\/UCAptA0jQuYQy8vMhLt2m4qg\"><strong>Youtube<\/strong><\/a><strong>\u00a0e veja nossas mat\u00e9rias, v\u00eddeos e fotos. Voc\u00ea tamb\u00e9m pode enviar informa\u00e7\u00f5es \u00e0 Reda\u00e7\u00e3o do Portal Cariri em A\u00e7\u00e3o pelo WhatsApp (83) 9 9634.5791, (83) 9 9601-1162.<\/strong><\/p>\n","protected":false},"excerpt":{"rendered":"<p>A Prefeitura Municipal de Cara\u00fabas, atrav\u00e9s da Secret\u00e1ria de Agricultura e da Secretaria de Assist\u00eancia Social, distribuiu cestas de produtos da agricultura familiar para as&hellip; <\/p>\n","protected":false},"author":2,"featured_media":33738,"comment_status":"closed","ping_status":"closed","sticky":false,"template":"","format":"standard","meta":{"sfsi_plus_gutenberg_text_before_share":"","sfsi_plus_gutenberg_show_text_before_share":"","sfsi_plus_gutenberg_icon_type":"","sfsi_plus_gutenberg_icon_alignemt":"","sfsi_plus_gutenburg_max_per_row":"","footnotes":""},"categories":[6],"tags":[],"class_list":["post-33736","post","type-post","status-publish","format-standard","has-post-thumbnail","hentry","category-cidades"],"_links":{"self":[{"href":"https:\/\/www.caririemacao.com\/1\/wp-json\/wp\/v2\/posts\/33736","targetHints":{"allow":["GET"]}}],"collection":[{"href":"https:\/\/www.caririemacao.com\/1\/wp-json\/wp\/v2\/posts"}],"about":[{"href":"https:\/\/www.caririemacao.com\/1\/wp-json\/wp\/v2\/types\/post"}],"author":[{"embeddable":true,"href":"https:\/\/www.caririemacao.com\/1\/wp-json\/wp\/v2\/users\/2"}],"replies":[{"embeddable":true,"href":"https:\/\/www.caririemacao.com\/1\/wp-json\/wp\/v2\/comments?post=33736"}],"version-history":[{"count":0,"href":"https:\/\/www.caririemacao.com\/1\/wp-json\/wp\/v2\/posts\/33736\/revisions"}],"wp:featuredmedia":[{"embeddable":true,"href":"https:\/\/www.caririemacao.com\/1\/wp-json\/wp\/v2\/media\/33738"}],"wp:attachment":[{"href":"https:\/\/www.caririemacao.com\/1\/wp-json\/wp\/v2\/media?parent=33736"}],"wp:term":[{"taxonomy":"category","embeddable":true,"href":"https:\/\/www.caririemacao.com\/1\/wp-json\/wp\/v2\/categories?post=33736"},{"taxonomy":"post_tag","embeddable":true,"href":"https:\/\/www.caririemacao.com\/1\/wp-json\/wp\/v2\/tags?post=33736"}],"curies":[{"name":"wp","href":"https:\/\/api.w.org\/{rel}","templated":true}]}}