{"id":33740,"date":"2017-11-21T23:34:26","date_gmt":"2017-11-22T02:34:26","guid":{"rendered":"http:\/\/caririemacao.com\/1\/?p=33740"},"modified":"2017-11-21T23:35:39","modified_gmt":"2017-11-22T02:35:39","slug":"prefeitura-de-amparo-beneficia-amparenses-com-atendimentos-oftalmologicos","status":"publish","type":"post","link":"https:\/\/www.caririemacao.com\/1\/2017\/11\/21\/prefeitura-de-amparo-beneficia-amparenses-com-atendimentos-oftalmologicos\/","title":{"rendered":"Prefeitura de Amparo beneficia popula\u00e7\u00e3o com atendimentos oftalmol\u00f3gicos"},"content":{"rendered":"<p>A Prefeitura de Amparo, atrav\u00e9s da Secretaria de Sa\u00fade, realiza em parceria com a ONG Olhar pelo Pr\u00f3ximo exames gratuitos de vista, avalia\u00e7\u00e3o oftalmol\u00f3gica e encaminhamentos cir\u00fargicos.<\/p>\n<p><a href=\"http:\/\/caririemacao.com\/1\/wp-content\/uploads\/2017\/11\/WhatsApp-Image-2017-11-21-at-9.55.38-PM.jpeg\"><img fetchpriority=\"high\" decoding=\"async\" class=\"size-medium wp-image-33741 aligncenter\" src=\"http:\/\/caririemacao.com\/1\/wp-content\/uploads\/2017\/11\/WhatsApp-Image-2017-11-21-at-9.55.38-PM-300x225.jpeg\" alt=\"\" width=\"300\" height=\"225\" srcset=\"https:\/\/www.caririemacao.com\/1\/wp-content\/uploads\/2017\/11\/WhatsApp-Image-2017-11-21-at-9.55.38-PM-300x225.jpeg 300w, https:\/\/www.caririemacao.com\/1\/wp-content\/uploads\/2017\/11\/WhatsApp-Image-2017-11-21-at-9.55.38-PM-768x576.jpeg 768w, https:\/\/www.caririemacao.com\/1\/wp-content\/uploads\/2017\/11\/WhatsApp-Image-2017-11-21-at-9.55.38-PM-1024x768.jpeg 1024w, https:\/\/www.caririemacao.com\/1\/wp-content\/uploads\/2017\/11\/WhatsApp-Image-2017-11-21-at-9.55.38-PM.jpeg 1280w\" sizes=\"(max-width: 300px) 100vw, 300px\" \/><\/a><\/p>\n<p>Os servi\u00e7os foram iniciados nesta ter\u00e7a-feira, dia 21, na Unidade B\u00e1sica de Sa\u00fade \u201cS\u00e3o Sebasti\u00e3o\u201d com atendimentos feitos com profissionais da ONG e se estende at\u00e9 esta quarta-feira, dia 22.<\/p>\n<p><a href=\"http:\/\/caririemacao.com\/1\/wp-content\/uploads\/2017\/11\/WhatsApp-Image-2017-11-21-at-9.55.55-PM.jpeg\"><img decoding=\"async\" class=\"size-medium wp-image-33742 aligncenter lazyload\" data-src=\"http:\/\/caririemacao.com\/1\/wp-content\/uploads\/2017\/11\/WhatsApp-Image-2017-11-21-at-9.55.55-PM-300x225.jpeg\" alt=\"\" width=\"300\" height=\"225\" data-srcset=\"https:\/\/www.caririemacao.com\/1\/wp-content\/uploads\/2017\/11\/WhatsApp-Image-2017-11-21-at-9.55.55-PM-300x225.jpeg 300w, https:\/\/www.caririemacao.com\/1\/wp-content\/uploads\/2017\/11\/WhatsApp-Image-2017-11-21-at-9.55.55-PM-768x576.jpeg 768w, https:\/\/www.caririemacao.com\/1\/wp-content\/uploads\/2017\/11\/WhatsApp-Image-2017-11-21-at-9.55.55-PM-1024x768.jpeg 1024w, https:\/\/www.caririemacao.com\/1\/wp-content\/uploads\/2017\/11\/WhatsApp-Image-2017-11-21-at-9.55.55-PM.jpeg 1280w\" data-sizes=\"(max-width: 300px) 100vw, 300px\" src=\"data:image\/svg+xml;base64,PHN2ZyB3aWR0aD0iMSIgaGVpZ2h0PSIxIiB4bWxucz0iaHR0cDovL3d3dy53My5vcmcvMjAwMC9zdmciPjwvc3ZnPg==\" style=\"--smush-placeholder-width: 300px; --smush-placeholder-aspect-ratio: 300\/225;\" \/><\/a><\/p>\n<p>Segundo o secret\u00e1rio de Sa\u00fade, Jussi\u00ea Lacerda, a parceria est\u00e1 sendo importante para realizar atendimentos oftalmol\u00f3gicos e de forma gratuita, al\u00e9m de ajudar no diagn\u00f3stico e alertar os pacientes para poss\u00edveis doen\u00e7as que podem ser detectadas nesta a\u00e7\u00e3o que a Prefeitura Municipal vem fazendo, sempre buscando ajudar aqueles que mais precisam de aten\u00e7\u00e3o por conta do governo municipal.<\/p>\n<p><strong>CARIRI EM A\u00c7\u00c3O<\/strong><\/p>\n<p><strong>Leia mais not\u00edcias em\u00a0<\/strong><a href=\"http:\/\/www.caririemacao.com\/\"><strong>caririemacao.com<\/strong><\/a><strong>, siga nossa p\u00e1gina no\u00a0<\/strong><a href=\"https:\/\/www.facebook.com\/CaririEmAcao\/?ref=aymt_homepage_panel\"><strong>Facebook<\/strong><\/a><strong>,\u00a0<\/strong><a href=\"https:\/\/www.instagram.com\/cariri_em_acao\/?hl=pt-br\"><strong>Instagram<\/strong><\/a><strong>\u00a0e <\/strong><a href=\"https:\/\/www.youtube.com\/channel\/UCAptA0jQuYQy8vMhLt2m4qg\"><strong>Youtube<\/strong><\/a><strong>\u00a0e veja nossas mat\u00e9rias, v\u00eddeos e fotos. Voc\u00ea tamb\u00e9m pode enviar informa\u00e7\u00f5es \u00e0 Reda\u00e7\u00e3o do Portal Cariri em A\u00e7\u00e3o pelo WhatsApp (83) 9 9634.5791, (83) 9 9601-1162.<\/strong><\/p>\n","protected":false},"excerpt":{"rendered":"<p>A Prefeitura de Amparo, atrav\u00e9s da Secretaria de Sa\u00fade, realiza em parceria com a ONG Olhar pelo Pr\u00f3ximo exames gratuitos de vista, avalia\u00e7\u00e3o oftalmol\u00f3gica e&hellip; <\/p>\n","protected":false},"author":2,"featured_media":33743,"comment_status":"closed","ping_status":"closed","sticky":false,"template":"","format":"standard","meta":{"sfsi_plus_gutenberg_text_before_share":"","sfsi_plus_gutenberg_show_text_before_share":"","sfsi_plus_gutenberg_icon_type":"","sfsi_plus_gutenberg_icon_alignemt":"","sfsi_plus_gutenburg_max_per_row":"","footnotes":""},"categories":[6],"tags":[],"class_list":["post-33740","post","type-post","status-publish","format-standard","has-post-thumbnail","hentry","category-cidades"],"_links":{"self":[{"href":"https:\/\/www.caririemacao.com\/1\/wp-json\/wp\/v2\/posts\/33740","targetHints":{"allow":["GET"]}}],"collection":[{"href":"https:\/\/www.caririemacao.com\/1\/wp-json\/wp\/v2\/posts"}],"about":[{"href":"https:\/\/www.caririemacao.com\/1\/wp-json\/wp\/v2\/types\/post"}],"author":[{"embeddable":true,"href":"https:\/\/www.caririemacao.com\/1\/wp-json\/wp\/v2\/users\/2"}],"replies":[{"embeddable":true,"href":"https:\/\/www.caririemacao.com\/1\/wp-json\/wp\/v2\/comments?post=33740"}],"version-history":[{"count":0,"href":"https:\/\/www.caririemacao.com\/1\/wp-json\/wp\/v2\/posts\/33740\/revisions"}],"wp:featuredmedia":[{"embeddable":true,"href":"https:\/\/www.caririemacao.com\/1\/wp-json\/wp\/v2\/media\/33743"}],"wp:attachment":[{"href":"https:\/\/www.caririemacao.com\/1\/wp-json\/wp\/v2\/media?parent=33740"}],"wp:term":[{"taxonomy":"category","embeddable":true,"href":"https:\/\/www.caririemacao.com\/1\/wp-json\/wp\/v2\/categories?post=33740"},{"taxonomy":"post_tag","embeddable":true,"href":"https:\/\/www.caririemacao.com\/1\/wp-json\/wp\/v2\/tags?post=33740"}],"curies":[{"name":"wp","href":"https:\/\/api.w.org\/{rel}","templated":true}]}}