{"id":33746,"date":"2017-11-22T00:09:14","date_gmt":"2017-11-22T03:09:14","guid":{"rendered":"http:\/\/caririemacao.com\/1\/?p=33746"},"modified":"2017-11-22T00:09:14","modified_gmt":"2017-11-22T03:09:14","slug":"circuito-de-vaquejadas-do-cariri-define-calendario","status":"publish","type":"post","link":"https:\/\/www.caririemacao.com\/1\/2017\/11\/22\/circuito-de-vaquejadas-do-cariri-define-calendario\/","title":{"rendered":"Circuito de Vaquejadas do Cariri define calend\u00e1rio"},"content":{"rendered":"<p>A organiza\u00e7\u00e3o do 1\u00ba Circuito Regional de vaquejadas do Cariri Paraibano anunciou durante essa semana o cronograma oficial do circuito que ter\u00e1 in\u00edcio em 2018. De acordo com M\u00e1rcio Porto, diretor do circuito, no primeiro semestre de 2018 acontecer\u00e3o seis etapas e uma grande final.<\/p>\n<p><a href=\"http:\/\/caririemacao.com\/1\/wp-content\/uploads\/2017\/11\/WhatsApp-Image-2017-11-20-at-12.30.47-PM.jpeg\"><img fetchpriority=\"high\" decoding=\"async\" class=\"size-medium wp-image-33747 aligncenter\" src=\"http:\/\/caririemacao.com\/1\/wp-content\/uploads\/2017\/11\/WhatsApp-Image-2017-11-20-at-12.30.47-PM-300x300.jpeg\" alt=\"\" width=\"300\" height=\"300\" srcset=\"https:\/\/www.caririemacao.com\/1\/wp-content\/uploads\/2017\/11\/WhatsApp-Image-2017-11-20-at-12.30.47-PM-300x300.jpeg 300w, https:\/\/www.caririemacao.com\/1\/wp-content\/uploads\/2017\/11\/WhatsApp-Image-2017-11-20-at-12.30.47-PM-150x150.jpeg 150w, https:\/\/www.caririemacao.com\/1\/wp-content\/uploads\/2017\/11\/WhatsApp-Image-2017-11-20-at-12.30.47-PM-768x768.jpeg 768w, https:\/\/www.caririemacao.com\/1\/wp-content\/uploads\/2017\/11\/WhatsApp-Image-2017-11-20-at-12.30.47-PM-1024x1024.jpeg 1024w, https:\/\/www.caririemacao.com\/1\/wp-content\/uploads\/2017\/11\/WhatsApp-Image-2017-11-20-at-12.30.47-PM.jpeg 1280w\" sizes=\"(max-width: 300px) 100vw, 300px\" \/><\/a><\/p>\n<p><strong>Confira a programa\u00e7\u00e3o: <\/strong><\/p>\n<p>A 1\u00aa etapa ser\u00e1 entre os dias 31 de Mar\u00e7o a 2 de Abril no Parque Eriveto Guimar\u00e3es, na cidade de Boqueir\u00e3o com premia\u00e7\u00e3o de 11 mil reais na organiza\u00e7\u00e3o de boy.<\/p>\n<p>A 2\u00aa etapa acontece na cidade de Monteiro no Parque Manoel Domingos entre os dias 27 e 29 de Abril com premia\u00e7\u00e3o de 16 mil reais na organiza\u00e7\u00e3o de Messias Silva.<\/p>\n<p>A 3\u00aa etapa ser\u00e1 realizada no Parque Jo\u00e3o de Duca na cidade de Santo Andr\u00e9, entre os dias 11 e 13 de Maio, com premia\u00e7\u00e3o de 16 mil reais, na organiza\u00e7\u00e3o de Ronaldo.<\/p>\n<p>4\u00aa etapa acontece na cidade de Assun\u00e7\u00e3o, no Parque Manoel Nogueira, com premia\u00e7\u00e3o 16 mil reais. A vaquejada acontece entre os dias 25 a 27 de maio com a organiza\u00e7\u00e3o de Fernando Gramp\u00e3o.<\/p>\n<p>J\u00e1 a pen\u00faltima etapa acontece na cidade de Tapero\u00e1, no Parque Vila Batalh\u00e3o com uma premia\u00e7\u00e3o 16 mil entre os dias 8 a 10 de junho na organiza\u00e7\u00e3o de Divanizio.<\/p>\n<p>E a \u00faltima etapa e a grande final do primeiro semestre do primeiro circuito regional do cariri paraibano de vaquejada acontece na cidade de Livramento entre os dias 15 a 17 de julho no Parque Bandeirantes que tem a organiza\u00e7\u00e3o de Josivaldo com uma premia\u00e7\u00e3o de 31 mil reais.<\/p>\n<p>Em contato com Cariri em A\u00e7\u00e3o, a organiza\u00e7\u00e3o informou que haver\u00e1 categorias profissional, aspirante e tamb\u00e9m feminina. \u201cIsso \u00e9 apenas o in\u00edcio de um grande circuito de vaquejada. Comunicamos que al\u00e9m das seis etapas, teremos mais no segundo semestre de 2018 em outros parques de vaquejada da regi\u00e3o do cariri paraibano e que essa iniciativa \u00e9 o resultado de uma articula\u00e7\u00e3o com donos de vaquejadas interessados em participar deste circuito criado para fortalecer este segmento cultural na regi\u00e3o\u201d, acrescentou.<\/p>\n<p>M\u00e1rcio lembrou que nos domingos de vaquejadas, o p\u00fablico, al\u00e9m de assistir uma emocionante disputa, poder\u00e1 ajudar aos mais necessitados, pois o valor da entrada \u00e9 de 1kg de alimento n\u00e3o perec\u00edvel, para ajudar uma comunidade carente ou alguma institui\u00e7\u00e3o no munic\u00edpio que ocorrer a vaquejada.<\/p>\n<p><strong>CARIRI EM A\u00c7\u00c3O<\/strong><\/p>\n<p><strong>Leia mais not\u00edcias em\u00a0<\/strong><a href=\"http:\/\/www.caririemacao.com\/\"><strong>caririemacao.com<\/strong><\/a><strong>, siga nossa p\u00e1gina no\u00a0<\/strong><a href=\"https:\/\/www.facebook.com\/CaririEmAcao\/?ref=aymt_homepage_panel\"><strong>Facebook<\/strong><\/a><strong>,\u00a0<\/strong><a href=\"https:\/\/www.instagram.com\/cariri_em_acao\/?hl=pt-br\"><strong>Instagram<\/strong><\/a><strong>\u00a0e <\/strong><a href=\"https:\/\/www.youtube.com\/channel\/UCAptA0jQuYQy8vMhLt2m4qg\"><strong>Youtube<\/strong><\/a><strong>\u00a0e veja nossas mat\u00e9rias, v\u00eddeos e fotos. Voc\u00ea tamb\u00e9m pode enviar informa\u00e7\u00f5es \u00e0 Reda\u00e7\u00e3o do Portal Cariri em A\u00e7\u00e3o pelo WhatsApp (83) 9 9634.5791, (83) 9 9601-1162.<\/strong><\/p>\n","protected":false},"excerpt":{"rendered":"<p>A organiza\u00e7\u00e3o do 1\u00ba Circuito Regional de vaquejadas do Cariri Paraibano anunciou durante essa semana o cronograma oficial do circuito que ter\u00e1 in\u00edcio em 2018.&hellip; <\/p>\n","protected":false},"author":2,"featured_media":33749,"comment_status":"closed","ping_status":"closed","sticky":false,"template":"","format":"standard","meta":{"sfsi_plus_gutenberg_text_before_share":"","sfsi_plus_gutenberg_show_text_before_share":"","sfsi_plus_gutenberg_icon_type":"","sfsi_plus_gutenberg_icon_alignemt":"","sfsi_plus_gutenburg_max_per_row":"","footnotes":""},"categories":[2],"tags":[],"class_list":["post-33746","post","type-post","status-publish","format-standard","has-post-thumbnail","hentry","category-geral"],"_links":{"self":[{"href":"https:\/\/www.caririemacao.com\/1\/wp-json\/wp\/v2\/posts\/33746","targetHints":{"allow":["GET"]}}],"collection":[{"href":"https:\/\/www.caririemacao.com\/1\/wp-json\/wp\/v2\/posts"}],"about":[{"href":"https:\/\/www.caririemacao.com\/1\/wp-json\/wp\/v2\/types\/post"}],"author":[{"embeddable":true,"href":"https:\/\/www.caririemacao.com\/1\/wp-json\/wp\/v2\/users\/2"}],"replies":[{"embeddable":true,"href":"https:\/\/www.caririemacao.com\/1\/wp-json\/wp\/v2\/comments?post=33746"}],"version-history":[{"count":0,"href":"https:\/\/www.caririemacao.com\/1\/wp-json\/wp\/v2\/posts\/33746\/revisions"}],"wp:featuredmedia":[{"embeddable":true,"href":"https:\/\/www.caririemacao.com\/1\/wp-json\/wp\/v2\/media\/33749"}],"wp:attachment":[{"href":"https:\/\/www.caririemacao.com\/1\/wp-json\/wp\/v2\/media?parent=33746"}],"wp:term":[{"taxonomy":"category","embeddable":true,"href":"https:\/\/www.caririemacao.com\/1\/wp-json\/wp\/v2\/categories?post=33746"},{"taxonomy":"post_tag","embeddable":true,"href":"https:\/\/www.caririemacao.com\/1\/wp-json\/wp\/v2\/tags?post=33746"}],"curies":[{"name":"wp","href":"https:\/\/api.w.org\/{rel}","templated":true}]}}