{"id":33751,"date":"2017-11-22T09:55:55","date_gmt":"2017-11-22T12:55:55","guid":{"rendered":"http:\/\/caririemacao.com\/1\/?p=33751"},"modified":"2017-11-22T09:55:55","modified_gmt":"2017-11-22T12:55:55","slug":"apos-reforma-unidade-de-acolhimento-para-criancas-e-entregue-em-monteiro","status":"publish","type":"post","link":"https:\/\/www.caririemacao.com\/1\/2017\/11\/22\/apos-reforma-unidade-de-acolhimento-para-criancas-e-entregue-em-monteiro\/","title":{"rendered":"Ap\u00f3s reforma, unidade de acolhimento para crian\u00e7as \u00e9 entregue em Monteiro"},"content":{"rendered":"<p>Ap\u00f3s passar por reformas, a unidade de acolhimento para crian\u00e7as, denominado de S\u00e3o Sebasti\u00e3o, ser\u00e1 entregue na tarde desta ter\u00e7a-feira, 21, \u00e0s 15 horas.<\/p>\n<p>Na reforma foram investidos recursos da ordem de R$ 60 mil (sessenta mil reais), gra\u00e7as a uma parceria firmada pelo munic\u00edpio com o Fundo Nacional de Assist\u00eancia Social.<\/p>\n<p>A nova unidade passa a contar com equipe t\u00e9cnica composta de Assistente Social, Psic\u00f3logo, Educador Social e Cuidadores, e a Prefeitura de Monteiro assegurou, atrav\u00e9s da Secretaria de Desenvolvimento Social o investimento mensal de R$ 5 mil (cinco mil reais), pagamento da equipe e demais custeio da unidade de acolhimento.<\/p>\n<p>A unidade \u00e9 coordenada pelo Conselho Pastoral, que tem na sua presid\u00eancia o Padre Jos\u00e9 Marcos.<\/p>\n<p><strong>CARIRI EM A\u00c7\u00c3O<\/strong><\/p>\n<p><em>Com Tribuna do Cariri \/Foto: Google\u00a0\u00a0 <\/em><\/p>\n<p><strong>Leia mais not\u00edcias em\u00a0<\/strong><a href=\"http:\/\/www.caririemacao.com\/\"><strong>caririemacao.com<\/strong><\/a><strong>, siga nossa p\u00e1gina no\u00a0<\/strong><a href=\"https:\/\/www.facebook.com\/CaririEmAcao\/?ref=aymt_homepage_panel\"><strong>Facebook<\/strong><\/a>,<strong>\u00a0<\/strong><a href=\"https:\/\/www.instagram.com\/cariri_em_acao\/?hl=pt-br\"><strong>Instagram<\/strong><\/a><strong>\u00a0e <\/strong><a href=\"https:\/\/www.youtube.com\/channel\/UCAptA0jQuYQy8vMhLt2m4qg\"><strong>Youtube<\/strong><\/a><strong>\u00a0e veja nossas mat\u00e9rias, v\u00eddeos e fotos. Voc\u00ea tamb\u00e9m pode enviar informa\u00e7\u00f5es \u00e0 Reda\u00e7\u00e3o do Portal Cariri em A\u00e7\u00e3o pelo WhatsApp (83) 9 9634.5791, (83) 9 9601-1162.<\/strong><\/p>\n","protected":false},"excerpt":{"rendered":"<p>Ap\u00f3s passar por reformas, a unidade de acolhimento para crian\u00e7as, denominado de S\u00e3o Sebasti\u00e3o, ser\u00e1 entregue na tarde desta ter\u00e7a-feira, 21, \u00e0s 15 horas. Na&hellip; <\/p>\n","protected":false},"author":2,"featured_media":33752,"comment_status":"closed","ping_status":"closed","sticky":false,"template":"","format":"standard","meta":{"sfsi_plus_gutenberg_text_before_share":"","sfsi_plus_gutenberg_show_text_before_share":"","sfsi_plus_gutenberg_icon_type":"","sfsi_plus_gutenberg_icon_alignemt":"","sfsi_plus_gutenburg_max_per_row":"","footnotes":""},"categories":[2],"tags":[],"class_list":["post-33751","post","type-post","status-publish","format-standard","has-post-thumbnail","hentry","category-geral"],"_links":{"self":[{"href":"https:\/\/www.caririemacao.com\/1\/wp-json\/wp\/v2\/posts\/33751","targetHints":{"allow":["GET"]}}],"collection":[{"href":"https:\/\/www.caririemacao.com\/1\/wp-json\/wp\/v2\/posts"}],"about":[{"href":"https:\/\/www.caririemacao.com\/1\/wp-json\/wp\/v2\/types\/post"}],"author":[{"embeddable":true,"href":"https:\/\/www.caririemacao.com\/1\/wp-json\/wp\/v2\/users\/2"}],"replies":[{"embeddable":true,"href":"https:\/\/www.caririemacao.com\/1\/wp-json\/wp\/v2\/comments?post=33751"}],"version-history":[{"count":0,"href":"https:\/\/www.caririemacao.com\/1\/wp-json\/wp\/v2\/posts\/33751\/revisions"}],"wp:featuredmedia":[{"embeddable":true,"href":"https:\/\/www.caririemacao.com\/1\/wp-json\/wp\/v2\/media\/33752"}],"wp:attachment":[{"href":"https:\/\/www.caririemacao.com\/1\/wp-json\/wp\/v2\/media?parent=33751"}],"wp:term":[{"taxonomy":"category","embeddable":true,"href":"https:\/\/www.caririemacao.com\/1\/wp-json\/wp\/v2\/categories?post=33751"},{"taxonomy":"post_tag","embeddable":true,"href":"https:\/\/www.caririemacao.com\/1\/wp-json\/wp\/v2\/tags?post=33751"}],"curies":[{"name":"wp","href":"https:\/\/api.w.org\/{rel}","templated":true}]}}