{"id":33754,"date":"2017-11-22T09:58:41","date_gmt":"2017-11-22T12:58:41","guid":{"rendered":"http:\/\/caririemacao.com\/1\/?p=33754"},"modified":"2017-11-22T10:13:10","modified_gmt":"2017-11-22T13:13:10","slug":"adolescente-ve-mae-sendo-espancada-e-mata-irmao-a-tiros-na-paraiba","status":"publish","type":"post","link":"https:\/\/www.caririemacao.com\/1\/2017\/11\/22\/adolescente-ve-mae-sendo-espancada-e-mata-irmao-a-tiros-na-paraiba\/","title":{"rendered":"Adolescente v\u00ea m\u00e3e sendo espancada e mata irm\u00e3o a tiros na Para\u00edba"},"content":{"rendered":"<p>Um adolescente de apenas 17 anos de idade assassinou o pr\u00f3prio irm\u00e3o a tiros na tarde desta segunda-feira (20) em Jo\u00e3o Pessoa.<\/p>\n<p>As informa\u00e7\u00f5es que chegaram ao conhecimento da pol\u00edcia d\u00e3o conta de que o adolescente n\u00e3o suportava mais ver a m\u00e3e sendo espancada pelo irm\u00e3o que era usu\u00e1rio de drogas.<\/p>\n<p>A situa\u00e7\u00e3o se complicou ainda mais na noite deste domingo quando a v\u00edtima espancou o adolescente por causa de uma enxada.<\/p>\n<p>Na tarde desta segunda-feira, o adolescente vinha chegando em casa no Conjunto Mangabeira VII quando viu o irm\u00e3o que estava saindo da resid\u00eancia.<\/p>\n<p>Sem que houvesse qualquer discuss\u00e3o aparente, o adolescente sacou de uma arma e passou atirar no irm\u00e3o que saiu correndo pela rua mas foi perseguido pelo menor.<\/p>\n<p>A v\u00edtima foi atingido com tr\u00eas disparos na cabe\u00e7a, e mesmo gravemente ferido, ainda conseguiu pular o muro de uma resid\u00eancia, mas n\u00e3o resistiu a gravidade dos ferimentos e morreu no terra\u00e7o da casa.<\/p>\n<p>A Pol\u00edcia Militar foi acionada e iniciou as investiga\u00e7\u00f5es e buscas, o suspeito pelo crime n\u00e3o foi localizado.<\/p>\n<p>A Pol\u00edcia Militar foi acionada e iniciou as investiga\u00e7\u00f5es e buscas, o suspeito pelo crime n\u00e3o foi localizado.<\/p>\n<p><img fetchpriority=\"high\" decoding=\"async\" class=\"aligncenter size-full wp-image-7809\" src=\"http:\/\/hora1pb.com.br\/wp-content\/uploads\/2017\/11\/download_800x500.jpg\" alt=\"\" width=\"500\" height=\"300\" \/><br \/>\n<strong>CARIRI EM A\u00c7\u00c3O<\/strong><\/p>\n<p><em>Com\u00a0QAP24HPB<\/em><\/p>\n<p><strong>Leia mais not\u00edcias em\u00a0<\/strong><a href=\"http:\/\/www.caririemacao.com\/\"><strong>caririemacao.com<\/strong><\/a><strong>, siga nossa p\u00e1gina no\u00a0<\/strong><a href=\"https:\/\/www.facebook.com\/CaririEmAcao\/?ref=aymt_homepage_panel\"><strong>Facebook<\/strong><\/a>,<strong>\u00a0<\/strong><a href=\"https:\/\/www.instagram.com\/cariri_em_acao\/?hl=pt-br\"><strong>Instagram<\/strong><\/a><strong>\u00a0e <\/strong><a href=\"https:\/\/www.youtube.com\/channel\/UCAptA0jQuYQy8vMhLt2m4qg\"><strong>Youtube<\/strong><\/a><strong>\u00a0e veja nossas mat\u00e9rias, v\u00eddeos e fotos. Voc\u00ea tamb\u00e9m pode enviar informa\u00e7\u00f5es \u00e0 Reda\u00e7\u00e3o do Portal Cariri em A\u00e7\u00e3o pelo WhatsApp (83) 9 9634.5791, (83) 9 9601-1162.<\/strong><\/p>\n","protected":false},"excerpt":{"rendered":"<p>Um adolescente de apenas 17 anos de idade assassinou o pr\u00f3prio irm\u00e3o a tiros na tarde desta segunda-feira (20) em Jo\u00e3o Pessoa. As informa\u00e7\u00f5es que&hellip; <\/p>\n","protected":false},"author":2,"featured_media":25307,"comment_status":"closed","ping_status":"closed","sticky":false,"template":"","format":"standard","meta":{"sfsi_plus_gutenberg_text_before_share":"","sfsi_plus_gutenberg_show_text_before_share":"","sfsi_plus_gutenberg_icon_type":"","sfsi_plus_gutenberg_icon_alignemt":"","sfsi_plus_gutenburg_max_per_row":"","footnotes":""},"categories":[12],"tags":[],"class_list":["post-33754","post","type-post","status-publish","format-standard","has-post-thumbnail","hentry","category-policia"],"_links":{"self":[{"href":"https:\/\/www.caririemacao.com\/1\/wp-json\/wp\/v2\/posts\/33754","targetHints":{"allow":["GET"]}}],"collection":[{"href":"https:\/\/www.caririemacao.com\/1\/wp-json\/wp\/v2\/posts"}],"about":[{"href":"https:\/\/www.caririemacao.com\/1\/wp-json\/wp\/v2\/types\/post"}],"author":[{"embeddable":true,"href":"https:\/\/www.caririemacao.com\/1\/wp-json\/wp\/v2\/users\/2"}],"replies":[{"embeddable":true,"href":"https:\/\/www.caririemacao.com\/1\/wp-json\/wp\/v2\/comments?post=33754"}],"version-history":[{"count":0,"href":"https:\/\/www.caririemacao.com\/1\/wp-json\/wp\/v2\/posts\/33754\/revisions"}],"wp:featuredmedia":[{"embeddable":true,"href":"https:\/\/www.caririemacao.com\/1\/wp-json\/wp\/v2\/media\/25307"}],"wp:attachment":[{"href":"https:\/\/www.caririemacao.com\/1\/wp-json\/wp\/v2\/media?parent=33754"}],"wp:term":[{"taxonomy":"category","embeddable":true,"href":"https:\/\/www.caririemacao.com\/1\/wp-json\/wp\/v2\/categories?post=33754"},{"taxonomy":"post_tag","embeddable":true,"href":"https:\/\/www.caririemacao.com\/1\/wp-json\/wp\/v2\/tags?post=33754"}],"curies":[{"name":"wp","href":"https:\/\/api.w.org\/{rel}","templated":true}]}}