{"id":33756,"date":"2017-11-22T10:22:19","date_gmt":"2017-11-22T13:22:19","guid":{"rendered":"http:\/\/caririemacao.com\/1\/?p=33756"},"modified":"2017-11-22T10:59:36","modified_gmt":"2017-11-22T13:59:36","slug":"baldy-toma-posse-como-ministro-nesta-quarta-feira","status":"publish","type":"post","link":"https:\/\/www.caririemacao.com\/1\/2017\/11\/22\/baldy-toma-posse-como-ministro-nesta-quarta-feira\/","title":{"rendered":"Baldy toma posse como ministro nesta quarta-feira"},"content":{"rendered":"<p>A nomea\u00e7\u00e3o do novo ministro das Cidades, Alexandre Baldy Sant\u2019 Anna Braga, pelo presidente Michel Temer, est\u00e1 publicada no Di\u00e1rio Oficial da Uni\u00e3o desta quarta-feira (22). Baldy substitui Bruno Ara\u00fajo, que deixou a pasta na semana passada.<\/p>\n<p>Em seu primeiro mandato como deputado federal pelo estado de Goi\u00e1s, Alexandre Baldy est\u00e1 sem partido atualmente. Ele deixou o Podemos e dever\u00e1 se filiar ao PP. Nessa segunda-feira (20), em nota, a presidente do Podemos, deputada Renata Abreu (SP), anunciou a desfilia\u00e7\u00e3o do deputado dos quadros do partido.<\/p>\n<p>A cerim\u00f4nia de posse do novo ministro das Cidades est\u00e1 marcada para hoje, \u00e0s 15h30, no Pal\u00e1cio do Planalto.<\/p>\n<p><strong>CARIRI EM A\u00c7\u00c3O<\/strong><\/p>\n<p><em>Com \u00a0Ag\u00eancia Brasil\/Foto: Google\u00a0\u00a0 <\/em><\/p>\n<p><strong>Leia mais not\u00edcias em\u00a0<\/strong><a href=\"http:\/\/www.caririemacao.com\/\"><strong>caririemacao.com<\/strong><\/a><strong>, siga nossa p\u00e1gina no\u00a0<\/strong><a href=\"https:\/\/www.facebook.com\/CaririEmAcao\/?ref=aymt_homepage_panel\"><strong>Facebook<\/strong><\/a>,<strong>\u00a0<\/strong><a href=\"https:\/\/www.instagram.com\/cariri_em_acao\/?hl=pt-br\"><strong>Instagram<\/strong><\/a><strong>\u00a0e <\/strong><a href=\"https:\/\/www.youtube.com\/channel\/UCAptA0jQuYQy8vMhLt2m4qg\"><strong>Youtube<\/strong><\/a><strong>\u00a0e veja nossas mat\u00e9rias, v\u00eddeos e fotos. Voc\u00ea tamb\u00e9m pode enviar informa\u00e7\u00f5es \u00e0 Reda\u00e7\u00e3o do Portal Cariri em A\u00e7\u00e3o pelo WhatsApp (83) 9 9634.5791, (83) 9 9601-1162.<\/strong><\/p>\n","protected":false},"excerpt":{"rendered":"<p>A nomea\u00e7\u00e3o do novo ministro das Cidades, Alexandre Baldy Sant\u2019 Anna Braga, pelo presidente Michel Temer, est\u00e1 publicada no Di\u00e1rio Oficial da Uni\u00e3o desta quarta-feira&hellip; <\/p>\n","protected":false},"author":2,"featured_media":33757,"comment_status":"closed","ping_status":"closed","sticky":false,"template":"","format":"standard","meta":{"sfsi_plus_gutenberg_text_before_share":"","sfsi_plus_gutenberg_show_text_before_share":"","sfsi_plus_gutenberg_icon_type":"","sfsi_plus_gutenberg_icon_alignemt":"","sfsi_plus_gutenburg_max_per_row":"","footnotes":""},"categories":[2],"tags":[],"class_list":["post-33756","post","type-post","status-publish","format-standard","has-post-thumbnail","hentry","category-geral"],"_links":{"self":[{"href":"https:\/\/www.caririemacao.com\/1\/wp-json\/wp\/v2\/posts\/33756","targetHints":{"allow":["GET"]}}],"collection":[{"href":"https:\/\/www.caririemacao.com\/1\/wp-json\/wp\/v2\/posts"}],"about":[{"href":"https:\/\/www.caririemacao.com\/1\/wp-json\/wp\/v2\/types\/post"}],"author":[{"embeddable":true,"href":"https:\/\/www.caririemacao.com\/1\/wp-json\/wp\/v2\/users\/2"}],"replies":[{"embeddable":true,"href":"https:\/\/www.caririemacao.com\/1\/wp-json\/wp\/v2\/comments?post=33756"}],"version-history":[{"count":0,"href":"https:\/\/www.caririemacao.com\/1\/wp-json\/wp\/v2\/posts\/33756\/revisions"}],"wp:featuredmedia":[{"embeddable":true,"href":"https:\/\/www.caririemacao.com\/1\/wp-json\/wp\/v2\/media\/33757"}],"wp:attachment":[{"href":"https:\/\/www.caririemacao.com\/1\/wp-json\/wp\/v2\/media?parent=33756"}],"wp:term":[{"taxonomy":"category","embeddable":true,"href":"https:\/\/www.caririemacao.com\/1\/wp-json\/wp\/v2\/categories?post=33756"},{"taxonomy":"post_tag","embeddable":true,"href":"https:\/\/www.caririemacao.com\/1\/wp-json\/wp\/v2\/tags?post=33756"}],"curies":[{"name":"wp","href":"https:\/\/api.w.org\/{rel}","templated":true}]}}