{"id":33783,"date":"2017-11-22T09:27:14","date_gmt":"2017-11-22T12:27:14","guid":{"rendered":"http:\/\/caririemacao.com\/1\/?p=33783"},"modified":"2017-11-23T09:27:08","modified_gmt":"2017-11-23T12:27:08","slug":"atletas-do-judo-sumeense-sao-campeoes-dos-jogos-mirins","status":"publish","type":"post","link":"https:\/\/www.caririemacao.com\/1\/2017\/11\/22\/atletas-do-judo-sumeense-sao-campeoes-dos-jogos-mirins\/","title":{"rendered":"Atletas do jud\u00f4 sumeense s\u00e3o campe\u00f5es dos Jogos Mirins"},"content":{"rendered":"<p>Os alunos da Rede Municipal de Ensino participantes do Projeto Ol\u00edmpico do Cariri (Prolcariri), que tem o jud\u00f4 como pr\u00e1tica esportiva, competiram no \u00faltimo final de semana nos Jogos Mirins, organizado pela 5\u00aa Ger\u00eancia Regional de Ensino de Monteiro.<\/p>\n<p><a href=\"http:\/\/caririemacao.com\/1\/wp-content\/uploads\/2017\/11\/IMG-20171120-WA0003.jpg\"><img fetchpriority=\"high\" decoding=\"async\" class=\"size-medium wp-image-33785 aligncenter\" src=\"http:\/\/caririemacao.com\/1\/wp-content\/uploads\/2017\/11\/IMG-20171120-WA0003-300x169.jpg\" alt=\"\" width=\"300\" height=\"169\" srcset=\"https:\/\/www.caririemacao.com\/1\/wp-content\/uploads\/2017\/11\/IMG-20171120-WA0003-300x169.jpg 300w, https:\/\/www.caririemacao.com\/1\/wp-content\/uploads\/2017\/11\/IMG-20171120-WA0003-768x432.jpg 768w, https:\/\/www.caririemacao.com\/1\/wp-content\/uploads\/2017\/11\/IMG-20171120-WA0003.jpg 1024w\" sizes=\"(max-width: 300px) 100vw, 300px\" \/><\/a><\/p>\n<p>Estiveram competindo 13 atletas de 9 a 11 anos de idade, al\u00e9m das competi\u00e7\u00f5es paralelas na faixa et\u00e1ria de 12 a 14 anos e de 4 a 8 anos.<\/p>\n<p><a href=\"http:\/\/caririemacao.com\/1\/wp-content\/uploads\/2017\/11\/IMG-20171120-WA0009.jpg\"><img decoding=\"async\" class=\"size-medium wp-image-33784 aligncenter lazyload\" data-src=\"http:\/\/caririemacao.com\/1\/wp-content\/uploads\/2017\/11\/IMG-20171120-WA0009-300x169.jpg\" alt=\"\" width=\"300\" height=\"169\" data-srcset=\"https:\/\/www.caririemacao.com\/1\/wp-content\/uploads\/2017\/11\/IMG-20171120-WA0009-300x169.jpg 300w, https:\/\/www.caririemacao.com\/1\/wp-content\/uploads\/2017\/11\/IMG-20171120-WA0009-768x432.jpg 768w, https:\/\/www.caririemacao.com\/1\/wp-content\/uploads\/2017\/11\/IMG-20171120-WA0009.jpg 1024w\" data-sizes=\"(max-width: 300px) 100vw, 300px\" src=\"data:image\/svg+xml;base64,PHN2ZyB3aWR0aD0iMSIgaGVpZ2h0PSIxIiB4bWxucz0iaHR0cDovL3d3dy53My5vcmcvMjAwMC9zdmciPjwvc3ZnPg==\" style=\"--smush-placeholder-width: 300px; --smush-placeholder-aspect-ratio: 300\/169;\" \/><\/a><\/p>\n<p>As competi\u00e7\u00f5es de jud\u00f4 aconteceram entre os munic\u00edpios de Sum\u00e9 e Amparo, tendo como vencedor o Munic\u00edpio de Sum\u00e9.<\/p>\n<p>Os atletas receberam medalhas como premia\u00e7\u00e3o.<\/p>\n<p><strong>CARIRI EM A\u00c7\u00c3O<\/strong><\/p>\n<p>Ascom<\/p>\n<p><strong>Leia mais not\u00edcias em\u00a0<\/strong><a href=\"http:\/\/www.caririemacao.com\/\"><strong>caririemacao.com<\/strong><\/a><strong>, siga nossa p\u00e1gina no\u00a0<\/strong><a href=\"https:\/\/www.facebook.com\/CaririEmAcao\/?ref=aymt_homepage_panel\"><strong>Facebook<\/strong><\/a><strong>,\u00a0<\/strong><a href=\"https:\/\/www.instagram.com\/cariri_em_acao\/?hl=pt-br\"><strong>Instagram<\/strong><\/a><strong>\u00a0e <\/strong><a href=\"https:\/\/www.youtube.com\/channel\/UCAptA0jQuYQy8vMhLt2m4qg\"><strong>Youtube<\/strong><\/a><strong>\u00a0e veja nossas mat\u00e9rias, v\u00eddeos e fotos. Voc\u00ea tamb\u00e9m pode enviar informa\u00e7\u00f5es \u00e0 Reda\u00e7\u00e3o do Portal Cariri em A\u00e7\u00e3o pelo WhatsApp (83) 9 9634.5791, (83) 9 9601-1162.<\/strong><\/p>\n","protected":false},"excerpt":{"rendered":"<p>Os alunos da Rede Municipal de Ensino participantes do Projeto Ol\u00edmpico do Cariri (Prolcariri), que tem o jud\u00f4 como pr\u00e1tica esportiva, competiram no \u00faltimo final&hellip; <\/p>\n","protected":false},"author":2,"featured_media":33786,"comment_status":"closed","ping_status":"closed","sticky":false,"template":"","format":"standard","meta":{"sfsi_plus_gutenberg_text_before_share":"","sfsi_plus_gutenberg_show_text_before_share":"","sfsi_plus_gutenberg_icon_type":"","sfsi_plus_gutenberg_icon_alignemt":"","sfsi_plus_gutenburg_max_per_row":"","footnotes":""},"categories":[13],"tags":[],"class_list":["post-33783","post","type-post","status-publish","format-standard","has-post-thumbnail","hentry","category-esportes"],"_links":{"self":[{"href":"https:\/\/www.caririemacao.com\/1\/wp-json\/wp\/v2\/posts\/33783","targetHints":{"allow":["GET"]}}],"collection":[{"href":"https:\/\/www.caririemacao.com\/1\/wp-json\/wp\/v2\/posts"}],"about":[{"href":"https:\/\/www.caririemacao.com\/1\/wp-json\/wp\/v2\/types\/post"}],"author":[{"embeddable":true,"href":"https:\/\/www.caririemacao.com\/1\/wp-json\/wp\/v2\/users\/2"}],"replies":[{"embeddable":true,"href":"https:\/\/www.caririemacao.com\/1\/wp-json\/wp\/v2\/comments?post=33783"}],"version-history":[{"count":0,"href":"https:\/\/www.caririemacao.com\/1\/wp-json\/wp\/v2\/posts\/33783\/revisions"}],"wp:featuredmedia":[{"embeddable":true,"href":"https:\/\/www.caririemacao.com\/1\/wp-json\/wp\/v2\/media\/33786"}],"wp:attachment":[{"href":"https:\/\/www.caririemacao.com\/1\/wp-json\/wp\/v2\/media?parent=33783"}],"wp:term":[{"taxonomy":"category","embeddable":true,"href":"https:\/\/www.caririemacao.com\/1\/wp-json\/wp\/v2\/categories?post=33783"},{"taxonomy":"post_tag","embeddable":true,"href":"https:\/\/www.caririemacao.com\/1\/wp-json\/wp\/v2\/tags?post=33783"}],"curies":[{"name":"wp","href":"https:\/\/api.w.org\/{rel}","templated":true}]}}