{"id":33812,"date":"2017-11-23T08:39:41","date_gmt":"2017-11-23T11:39:41","guid":{"rendered":"http:\/\/caririemacao.com\/1\/?p=33812"},"modified":"2017-11-23T08:39:41","modified_gmt":"2017-11-23T11:39:41","slug":"celio-consegue-com-deputado-liberacao-de-1-milhao-em-obras-e-beneficios-para-sao-joao-do-tigre","status":"publish","type":"post","link":"https:\/\/www.caririemacao.com\/1\/2017\/11\/23\/celio-consegue-com-deputado-liberacao-de-1-milhao-em-obras-e-beneficios-para-sao-joao-do-tigre\/","title":{"rendered":"C\u00e9lio consegue com deputado libera\u00e7\u00e3o de 1 milh\u00e3o em obras e benef\u00edcios para S\u00e3o Jo\u00e3o do Tigre"},"content":{"rendered":"<p>O prefeito de S\u00e3o Jo\u00e3o do Tigre, C\u00e9lio Barbosa, est\u00e1 em Bras\u00edlia para participar de uma grande mobiliza\u00e7\u00e3o dos munic\u00edpios brasileiros por mais recursos da Uni\u00e3o e uma complementa\u00e7\u00e3o para este final de ano. O gestor aproveitou a viagem para destravar projetos de S\u00e3o Jo\u00e3o do Tigre e recebeu boas not\u00edcias.<\/p>\n<p>Em reuni\u00e3o com o deputado federal Hugo Motta, C\u00e9lio recebeu a garantia da libera\u00e7\u00e3o de verbas na ordem de 500 mil para cal\u00e7amento de ruas, outros R$ 250 mil para a constru\u00e7\u00e3o de um sistema de abastecimento na zona rural e a destina\u00e7\u00e3o de um caminh\u00e3o compactador de lixo, num investimento de mais 250 mil reais. Somados os recursos que ser\u00e3o injetados no munic\u00edpio atrav\u00e9s de obras nos pr\u00f3ximos meses ultrapassa a casa de 1 milh\u00e3o de reais.<\/p>\n<p>Para o prefeito C\u00e9lio, o deputado federal Hugo Motta tem demonstrado compromisso com o munic\u00edpio de S\u00e3o Jo\u00e3o do Tigre e isso pode ser provado facilmente pelos n\u00fameros. \u201cAgrade\u00e7o muito o empenho e o compromisso do deputado com nossa cidade, que est\u00e1 recebendo antes mesmo de retribuir todos os benef\u00edcios de seu mandato\u201d, pontuou.<\/p>\n<p>O deputado Hugo Motta disse que este \u00e9 apenas o come\u00e7o de muitos outros projetos que vir\u00e3o para a cidade atrav\u00e9s da boa parceria que construiu com o prefeito C\u00e9lio e sua gest\u00e3o.<\/p>\n<p style=\"text-align: center;\"><a href=\"http:\/\/caririemacao.com\/1\/wp-content\/uploads\/2017\/11\/ce.jpg\"><img fetchpriority=\"high\" decoding=\"async\" class=\"alignnone size-medium wp-image-33825\" src=\"http:\/\/caririemacao.com\/1\/wp-content\/uploads\/2017\/11\/ce-300x225.jpg\" alt=\"\" width=\"300\" height=\"225\" srcset=\"https:\/\/www.caririemacao.com\/1\/wp-content\/uploads\/2017\/11\/ce-300x225.jpg 300w, https:\/\/www.caririemacao.com\/1\/wp-content\/uploads\/2017\/11\/ce-768x577.jpg 768w, https:\/\/www.caririemacao.com\/1\/wp-content\/uploads\/2017\/11\/ce.jpg 852w\" sizes=\"(max-width: 300px) 100vw, 300px\" \/><\/a><\/p>\n<p style=\"text-align: center;\"><a href=\"http:\/\/caririemacao.com\/1\/wp-content\/uploads\/2017\/11\/23755397_1499468426838642_5312344114549716847_n.jpg\"><img decoding=\"async\" class=\"alignnone size-medium wp-image-33824 lazyload\" data-src=\"http:\/\/caririemacao.com\/1\/wp-content\/uploads\/2017\/11\/23755397_1499468426838642_5312344114549716847_n-225x300.jpg\" alt=\"\" width=\"225\" height=\"300\" data-srcset=\"https:\/\/www.caririemacao.com\/1\/wp-content\/uploads\/2017\/11\/23755397_1499468426838642_5312344114549716847_n-225x300.jpg 225w, https:\/\/www.caririemacao.com\/1\/wp-content\/uploads\/2017\/11\/23755397_1499468426838642_5312344114549716847_n.jpg 720w\" data-sizes=\"(max-width: 225px) 100vw, 225px\" src=\"data:image\/svg+xml;base64,PHN2ZyB3aWR0aD0iMSIgaGVpZ2h0PSIxIiB4bWxucz0iaHR0cDovL3d3dy53My5vcmcvMjAwMC9zdmciPjwvc3ZnPg==\" style=\"--smush-placeholder-width: 225px; --smush-placeholder-aspect-ratio: 225\/300;\" \/><\/a><\/p>\n<p style=\"text-align: center;\"><a href=\"http:\/\/caririemacao.com\/1\/wp-content\/uploads\/2017\/11\/23795108_1499468500171968_8583740121731225581_n.jpg\"><img decoding=\"async\" class=\"alignnone size-medium wp-image-33823 lazyload\" data-src=\"http:\/\/caririemacao.com\/1\/wp-content\/uploads\/2017\/11\/23795108_1499468500171968_8583740121731225581_n-300x225.jpg\" alt=\"\" width=\"300\" height=\"225\" data-srcset=\"https:\/\/www.caririemacao.com\/1\/wp-content\/uploads\/2017\/11\/23795108_1499468500171968_8583740121731225581_n-300x225.jpg 300w, https:\/\/www.caririemacao.com\/1\/wp-content\/uploads\/2017\/11\/23795108_1499468500171968_8583740121731225581_n-768x576.jpg 768w, https:\/\/www.caririemacao.com\/1\/wp-content\/uploads\/2017\/11\/23795108_1499468500171968_8583740121731225581_n.jpg 960w\" data-sizes=\"(max-width: 300px) 100vw, 300px\" src=\"data:image\/svg+xml;base64,PHN2ZyB3aWR0aD0iMSIgaGVpZ2h0PSIxIiB4bWxucz0iaHR0cDovL3d3dy53My5vcmcvMjAwMC9zdmciPjwvc3ZnPg==\" style=\"--smush-placeholder-width: 300px; --smush-placeholder-aspect-ratio: 300\/225;\" \/><\/a><\/p>\n<p>&nbsp;<\/p>\n<p><strong>CARIRI EM A\u00c7\u00c3O<\/strong><\/p>\n<p>De Olho no Cariri<\/p>\n<p><strong>Leia mais not\u00edcias em\u00a0<\/strong><a href=\"http:\/\/www.caririemacao.com\/\"><strong>caririemacao.com<\/strong><\/a><strong>, siga nossa p\u00e1gina no\u00a0<\/strong><a href=\"https:\/\/www.facebook.com\/CaririEmAcao\/?ref=aymt_homepage_panel\"><strong>Facebook<\/strong><\/a><strong>,\u00a0<\/strong><a href=\"https:\/\/www.instagram.com\/cariri_em_acao\/?hl=pt-br\"><strong>Instagram<\/strong><\/a><strong>\u00a0e <\/strong><a href=\"https:\/\/www.youtube.com\/channel\/UCAptA0jQuYQy8vMhLt2m4qg\"><strong>Youtube<\/strong><\/a><strong>\u00a0e veja nossas mat\u00e9rias, v\u00eddeos e fotos. Voc\u00ea tamb\u00e9m pode enviar informa\u00e7\u00f5es \u00e0 Reda\u00e7\u00e3o do Portal Cariri em A\u00e7\u00e3o pelo WhatsApp (83) 9 9634.5791, (83) 9 9601-1162.<\/strong><\/p>\n","protected":false},"excerpt":{"rendered":"<p>O prefeito de S\u00e3o Jo\u00e3o do Tigre, C\u00e9lio Barbosa, est\u00e1 em Bras\u00edlia para participar de uma grande mobiliza\u00e7\u00e3o dos munic\u00edpios brasileiros por mais recursos da&hellip; <\/p>\n","protected":false},"author":2,"featured_media":33824,"comment_status":"closed","ping_status":"closed","sticky":false,"template":"","format":"standard","meta":{"sfsi_plus_gutenberg_text_before_share":"","sfsi_plus_gutenberg_show_text_before_share":"","sfsi_plus_gutenberg_icon_type":"","sfsi_plus_gutenberg_icon_alignemt":"","sfsi_plus_gutenburg_max_per_row":"","footnotes":""},"categories":[6],"tags":[],"class_list":["post-33812","post","type-post","status-publish","format-standard","has-post-thumbnail","hentry","category-cidades"],"_links":{"self":[{"href":"https:\/\/www.caririemacao.com\/1\/wp-json\/wp\/v2\/posts\/33812","targetHints":{"allow":["GET"]}}],"collection":[{"href":"https:\/\/www.caririemacao.com\/1\/wp-json\/wp\/v2\/posts"}],"about":[{"href":"https:\/\/www.caririemacao.com\/1\/wp-json\/wp\/v2\/types\/post"}],"author":[{"embeddable":true,"href":"https:\/\/www.caririemacao.com\/1\/wp-json\/wp\/v2\/users\/2"}],"replies":[{"embeddable":true,"href":"https:\/\/www.caririemacao.com\/1\/wp-json\/wp\/v2\/comments?post=33812"}],"version-history":[{"count":0,"href":"https:\/\/www.caririemacao.com\/1\/wp-json\/wp\/v2\/posts\/33812\/revisions"}],"wp:featuredmedia":[{"embeddable":true,"href":"https:\/\/www.caririemacao.com\/1\/wp-json\/wp\/v2\/media\/33824"}],"wp:attachment":[{"href":"https:\/\/www.caririemacao.com\/1\/wp-json\/wp\/v2\/media?parent=33812"}],"wp:term":[{"taxonomy":"category","embeddable":true,"href":"https:\/\/www.caririemacao.com\/1\/wp-json\/wp\/v2\/categories?post=33812"},{"taxonomy":"post_tag","embeddable":true,"href":"https:\/\/www.caririemacao.com\/1\/wp-json\/wp\/v2\/tags?post=33812"}],"curies":[{"name":"wp","href":"https:\/\/api.w.org\/{rel}","templated":true}]}}