{"id":33830,"date":"2017-11-23T08:45:33","date_gmt":"2017-11-23T11:45:33","guid":{"rendered":"http:\/\/caririemacao.com\/1\/?p=33830"},"modified":"2017-11-23T08:45:33","modified_gmt":"2017-11-23T11:45:33","slug":"agencia-da-caixa-economica-federal-e-alvo-de-bandidos-em-sertania","status":"publish","type":"post","link":"https:\/\/www.caririemacao.com\/1\/2017\/11\/23\/agencia-da-caixa-economica-federal-e-alvo-de-bandidos-em-sertania\/","title":{"rendered":"Ag\u00eancia da Caixa Econ\u00f4mica Federal \u00e9 alvo de bandidos, em Sert\u00e2nia"},"content":{"rendered":"<p>Uma ag\u00eancia da Caixa Econ\u00f4mica Federal (CEF) foi alvo da a\u00e7\u00e3o de bandidos na madrugada desta quinta-feira (23) em Sert\u00e2nia, no Sert\u00e3o de Pernambuco. O crime ocorreu por volta das 2h da manh\u00e3, na ag\u00eancia localizada na Rua Agamenon Magalh\u00e3es, no centro do munic\u00edpio.<\/p>\n<p>De acordo com informa\u00e7\u00f5es do 3\u00ba Batalh\u00e3o de Pol\u00edcia Militar, cerca de 15 homens participaram da a\u00e7\u00e3o criminosa.<\/p>\n<p>A ag\u00eancia sofreu muitos danos com o uso de explosivos pelos bandidos. O 3\u00ba Batalh\u00e3o ainda n\u00e3o tem maiores informa\u00e7\u00f5es sobre a ocorr\u00eancia,que est\u00e1 em andamento. N\u00e3o se sabe ainda quanto dinheiro foi roubado. Testemunhas afirmaram ter ouvidos muitos tiros durante o assalto.<\/p>\n<p><strong>CARIRI EM A\u00c7\u00c3O<\/strong><\/p>\n<p><em>Com JC Online<\/em><\/p>\n<p><strong>Leia mais not\u00edcias em\u00a0<\/strong><a href=\"http:\/\/www.caririemacao.com\/\"><strong>caririemacao.com<\/strong><\/a><strong>, siga nossa p\u00e1gina no\u00a0<\/strong><a href=\"https:\/\/www.facebook.com\/CaririEmAcao\/?ref=aymt_homepage_panel\"><strong>Facebook<\/strong><\/a>,<strong>\u00a0<\/strong><a href=\"https:\/\/www.instagram.com\/cariri_em_acao\/?hl=pt-br\"><strong>Instagram<\/strong><\/a><strong>\u00a0e <\/strong><a href=\"https:\/\/www.youtube.com\/channel\/UCAptA0jQuYQy8vMhLt2m4qg\"><strong>Youtube<\/strong><\/a><strong>\u00a0e veja nossas mat\u00e9rias, v\u00eddeos e fotos. Voc\u00ea tamb\u00e9m pode enviar informa\u00e7\u00f5es \u00e0 Reda\u00e7\u00e3o do Portal Cariri em A\u00e7\u00e3o pelo WhatsApp (83) 9 9634.5791, (83) 9 9601-1162.<\/strong><\/p>\n","protected":false},"excerpt":{"rendered":"<p>Uma ag\u00eancia da Caixa Econ\u00f4mica Federal (CEF) foi alvo da a\u00e7\u00e3o de bandidos na madrugada desta quinta-feira (23) em Sert\u00e2nia, no Sert\u00e3o de Pernambuco. O&hellip; <\/p>\n","protected":false},"author":2,"featured_media":33836,"comment_status":"closed","ping_status":"closed","sticky":false,"template":"","format":"standard","meta":{"sfsi_plus_gutenberg_text_before_share":"","sfsi_plus_gutenberg_show_text_before_share":"","sfsi_plus_gutenberg_icon_type":"","sfsi_plus_gutenberg_icon_alignemt":"","sfsi_plus_gutenburg_max_per_row":"","footnotes":""},"categories":[12],"tags":[],"class_list":["post-33830","post","type-post","status-publish","format-standard","has-post-thumbnail","hentry","category-policia"],"_links":{"self":[{"href":"https:\/\/www.caririemacao.com\/1\/wp-json\/wp\/v2\/posts\/33830","targetHints":{"allow":["GET"]}}],"collection":[{"href":"https:\/\/www.caririemacao.com\/1\/wp-json\/wp\/v2\/posts"}],"about":[{"href":"https:\/\/www.caririemacao.com\/1\/wp-json\/wp\/v2\/types\/post"}],"author":[{"embeddable":true,"href":"https:\/\/www.caririemacao.com\/1\/wp-json\/wp\/v2\/users\/2"}],"replies":[{"embeddable":true,"href":"https:\/\/www.caririemacao.com\/1\/wp-json\/wp\/v2\/comments?post=33830"}],"version-history":[{"count":0,"href":"https:\/\/www.caririemacao.com\/1\/wp-json\/wp\/v2\/posts\/33830\/revisions"}],"wp:featuredmedia":[{"embeddable":true,"href":"https:\/\/www.caririemacao.com\/1\/wp-json\/wp\/v2\/media\/33836"}],"wp:attachment":[{"href":"https:\/\/www.caririemacao.com\/1\/wp-json\/wp\/v2\/media?parent=33830"}],"wp:term":[{"taxonomy":"category","embeddable":true,"href":"https:\/\/www.caririemacao.com\/1\/wp-json\/wp\/v2\/categories?post=33830"},{"taxonomy":"post_tag","embeddable":true,"href":"https:\/\/www.caririemacao.com\/1\/wp-json\/wp\/v2\/tags?post=33830"}],"curies":[{"name":"wp","href":"https:\/\/api.w.org\/{rel}","templated":true}]}}