{"id":33891,"date":"2017-11-24T08:16:20","date_gmt":"2017-11-24T11:16:20","guid":{"rendered":"http:\/\/caririemacao.com\/1\/?p=33891"},"modified":"2017-11-24T08:16:20","modified_gmt":"2017-11-24T11:16:20","slug":"rc-entrega-sistema-de-dessalinizacao-de-agua-em-sao-jose-dos-cordeiros","status":"publish","type":"post","link":"https:\/\/www.caririemacao.com\/1\/2017\/11\/24\/rc-entrega-sistema-de-dessalinizacao-de-agua-em-sao-jose-dos-cordeiros\/","title":{"rendered":"RC entrega sistema de dessaliniza\u00e7\u00e3o de \u00e1gua em S\u00e3o Jos\u00e9 dos Cordeiros"},"content":{"rendered":"<p>O governador Ricardo Coutinho far\u00e1 a entrega, nesta quinta-feira (23), \u00e0s 16h, de mais um sistema de dessaliniza\u00e7\u00e3o do Programa \u00c1gua Doce (PAD), que tem como objetivo extrair o excesso de sal da \u00e1gua para torn\u00e1-la apta para o consumo humano. O sistema est\u00e1 localizado no S\u00edtio Cardoso, na zona rural do munic\u00edpio de S\u00e3o Jos\u00e9 dos Cordeiros. O Governo do Estado, em parceria com o Governo Federal, investiu cerca de R$130,6 mil para\u00a0\u00a0implantar o dessalinizador que est\u00e1 beneficiando 71 fam\u00edlias.<\/p>\n<p>O Programa \u00c1gua Doce (PAD), executado pelo Governo da Para\u00edba em diversos munic\u00edpios, vem melhorando a qualidade de vida de fam\u00edlias da regi\u00e3o do Semi\u00e1rido, tanto no que diz respeito \u00e0 sa\u00fade delas, como na cria\u00e7\u00e3o de possibilidade de gera\u00e7\u00e3o de renda. Na Para\u00edba 27 sistemas est\u00e3o operando, beneficiando 2.864 fam\u00edlias e 10.843 pessoas. Contando com os 38 sistemas em obras, o investimento \u00e9 de R$ 5,3 milh\u00f5es.<\/p>\n<p>A meta \u00e9 construir 93 sistemas de dessaliniza\u00e7\u00e3o beneficiando aproximadamente 50 mil pessoas do semi\u00e1rido. O PAD \u00e9 executado na Para\u00edba, por meio da Secretaria de Estado da Infraestrutura, Recursos H\u00eddricos, Meio Ambiente e Ci\u00eancia e Tecnologia (Seirhmact), por interm\u00e9dio de conv\u00eanio com o Minist\u00e9rio do Meio Ambiente com recursos na ordem de R$ 22 milh\u00f5es.<\/p>\n<p>O secret\u00e1rio de Infraestrutura, Recursos H\u00eddricos, Meio Ambiente e Ci\u00eancia e Tecnologia, Jo\u00e3o Azev\u00eado, ressalta a import\u00e2ncia da execu\u00e7\u00e3o do PAD no estado. \u201c\u00c9\u00a0um programa importante que atende a popula\u00e7\u00e3o de imediato, principalmente as pessoas que n\u00e3o t\u00eam a menor condi\u00e7\u00e3o de acesso \u00e0 \u00e1gua. O \u00c1gua Doce atua nas regi\u00f5es em que os po\u00e7os apresentam um alto teor de sal e a gente faz a implanta\u00e7\u00e3o de um dessalinidador que, depois de fazer o tratamento, ele deixa a \u00e1gua absolutamente pot\u00e1vel.\u00a0\u00a0\u00a0Al\u00e9m do \u00c1gua Doce, na zona rural, n\u00f3s temos o Programa \u00c1gua para Todos, tamb\u00e9m em parceria com o Minist\u00e9rio do Meio Ambiente, que tem como objetivo construir 177 barreiros , e tamb\u00e9m h\u00e1 a constru\u00e7\u00e3o de 196 sistemas de abastecimento. Vale ressaltar tamb\u00e9m que o governador Ricardo Coutinho autorizou, atrav\u00e9s do Projeto de Desenvolvimento Sustent\u00e1vel do Cariri, Serid\u00f3 e Curimata\u00fa (Procase), a implanta\u00e7\u00e3o de mais 60 dessalinizadores que j\u00e1 est\u00e3o em licita\u00e7\u00e3o\u201d, explicou Jo\u00e3o Azev\u00eado.<\/p>\n<p>Al\u00e9m do sistema de S\u00e3o Jos\u00e9 dos Cordeiros, j\u00e1 foram instalados dessalinizadores nos munic\u00edpios de Amparo, Barra de Santa Rosa, Cubati, Juazeirinho, Soss\u00eago e Tapero\u00e1. H\u00e1 cidades que possuem mais de um sistema.<\/p>\n<p>Para um munic\u00edpio ser contemplado com o Programa \u00c1gua Doce, \u00e9 necess\u00e1rio atender alguns crit\u00e9rios como: 1 \u2013 IDH municipal (PNUD); 2 \u2013 Taxa de mortalidade de crian\u00e7as menores de um ano por mil habitantes por munic\u00edpio (DataSUS); 3 \u2013 Pluviometria (mm\/ano); 4 \u2013 Intensidade da pobreza.<\/p>\n<p><strong>CARIRI EM A\u00c7\u00c3O<\/strong><\/p>\n<p><em>Com Blog do Gordinho\/Foto: Reprodu\u00e7\u00e3o<\/em><\/p>\n<p><strong>Leia mais not\u00edcias em\u00a0<\/strong><a href=\"http:\/\/www.caririemacao.com\/\"><strong>caririemacao.com<\/strong><\/a><strong>, siga nossa p\u00e1gina no\u00a0<\/strong><a href=\"https:\/\/www.facebook.com\/CaririEmAcao\/?ref=aymt_homepage_panel\"><strong>Facebook<\/strong><\/a>,<strong>\u00a0<\/strong><a href=\"https:\/\/www.instagram.com\/cariri_em_acao\/?hl=pt-br\"><strong>Instagram<\/strong><\/a><strong>\u00a0e <\/strong><a href=\"https:\/\/www.youtube.com\/channel\/UCAptA0jQuYQy8vMhLt2m4qg\"><strong>Youtube<\/strong><\/a><strong>\u00a0e veja nossas mat\u00e9rias, v\u00eddeos e fotos. Voc\u00ea tamb\u00e9m pode enviar informa\u00e7\u00f5es \u00e0 Reda\u00e7\u00e3o do Portal Cariri em A\u00e7\u00e3o pelo WhatsApp (83) 9 9634.5791, (83) 9 9601-1162.<\/strong><\/p>\n","protected":false},"excerpt":{"rendered":"<p>O governador Ricardo Coutinho far\u00e1 a entrega, nesta quinta-feira (23), \u00e0s 16h, de mais um sistema de dessaliniza\u00e7\u00e3o do Programa \u00c1gua Doce (PAD), que tem&hellip; <\/p>\n","protected":false},"author":2,"featured_media":33892,"comment_status":"closed","ping_status":"closed","sticky":false,"template":"","format":"standard","meta":{"sfsi_plus_gutenberg_text_before_share":"","sfsi_plus_gutenberg_show_text_before_share":"","sfsi_plus_gutenberg_icon_type":"","sfsi_plus_gutenberg_icon_alignemt":"","sfsi_plus_gutenburg_max_per_row":"","footnotes":""},"categories":[6],"tags":[],"class_list":["post-33891","post","type-post","status-publish","format-standard","has-post-thumbnail","hentry","category-cidades"],"_links":{"self":[{"href":"https:\/\/www.caririemacao.com\/1\/wp-json\/wp\/v2\/posts\/33891","targetHints":{"allow":["GET"]}}],"collection":[{"href":"https:\/\/www.caririemacao.com\/1\/wp-json\/wp\/v2\/posts"}],"about":[{"href":"https:\/\/www.caririemacao.com\/1\/wp-json\/wp\/v2\/types\/post"}],"author":[{"embeddable":true,"href":"https:\/\/www.caririemacao.com\/1\/wp-json\/wp\/v2\/users\/2"}],"replies":[{"embeddable":true,"href":"https:\/\/www.caririemacao.com\/1\/wp-json\/wp\/v2\/comments?post=33891"}],"version-history":[{"count":0,"href":"https:\/\/www.caririemacao.com\/1\/wp-json\/wp\/v2\/posts\/33891\/revisions"}],"wp:featuredmedia":[{"embeddable":true,"href":"https:\/\/www.caririemacao.com\/1\/wp-json\/wp\/v2\/media\/33892"}],"wp:attachment":[{"href":"https:\/\/www.caririemacao.com\/1\/wp-json\/wp\/v2\/media?parent=33891"}],"wp:term":[{"taxonomy":"category","embeddable":true,"href":"https:\/\/www.caririemacao.com\/1\/wp-json\/wp\/v2\/categories?post=33891"},{"taxonomy":"post_tag","embeddable":true,"href":"https:\/\/www.caririemacao.com\/1\/wp-json\/wp\/v2\/tags?post=33891"}],"curies":[{"name":"wp","href":"https:\/\/api.w.org\/{rel}","templated":true}]}}