{"id":33894,"date":"2017-11-24T08:45:32","date_gmt":"2017-11-24T11:45:32","guid":{"rendered":"http:\/\/caririemacao.com\/1\/?p=33894"},"modified":"2017-11-24T08:45:32","modified_gmt":"2017-11-24T11:45:32","slug":"sudene-cassio-e-ligia-comemoram-inclusao-de-cidades-no-semiarido","status":"publish","type":"post","link":"https:\/\/www.caririemacao.com\/1\/2017\/11\/24\/sudene-cassio-e-ligia-comemoram-inclusao-de-cidades-no-semiarido\/","title":{"rendered":"Sudene: C\u00e1ssio e L\u00edgia comemoram inclus\u00e3o de cidades no semi\u00e1rido"},"content":{"rendered":"<p>O senador C\u00e1ssio Cunha Lima (PSDB) e a vice-governadora L\u00edgia Feliciano (PDT) comemoraram, nesta quinta-feira (24), a inclus\u00e3o de 24 cidades paraibanas na regi\u00e3o do semi\u00e1rido da Sudene.<\/p>\n<p>O an\u00fancio das cidades aconteceu em\u00a0audi\u00eancia com o ministro da Integra\u00e7\u00e3o, H\u00e9lder Barbalho, o Conselho Deliberativo da Sudene, na sede do BNB, em Fortaleza.<\/p>\n<p>Com a inclus\u00e3o, os munic\u00edpios podem contar com incentivos e benef\u00edcios fiscais, como a redu\u00e7\u00e3o de 75% do Imposto de Renda de Pessoa Jur\u00eddica. Visando ao desenvolvimento dessas cidades, qualquer atividade pode ser beneficiada com o incentivo de redu\u00e7\u00e3o do IRPJ, desde que se enquadre em setor econ\u00f4mico considerado priorit\u00e1rio para o desenvolvimento regional, segundo o Decreto n\u00ba 4.213 de 26 de abril de 2002.<\/p>\n<p><span class=\"il\">O senador C\u00e1ssio Cunha Lima<b>,\u00a0<\/b><\/span>que no in\u00edcio da vida p\u00fablica foi superintendente da Sudene, comemorou a inclus\u00e3o.<\/p>\n<p>\u201c\u00c9 uma medida protetiva e um incentivo grande ao desenvolvimento desses pequenos munic\u00edpios paraibanos\u201d , destacou o senador.<\/p>\n<p>L\u00edgia Feliciano\u00a0usou as redes sociais para comemorar a conquista de apoio as cidades paraibanas<\/p>\n<p>\u201cA reuni\u00e3o foi muito produtiva para nossa Para\u00edba porque, depois de muita luta, conseguimos ampliar de 6 para 24 o n\u00famero de munic\u00edpios que agora fazem parte da lista das cidades do semi\u00e1rido. Essas cidades v\u00e3o receber a\u00e7\u00f5es espec\u00edficas da Sudene, para promover o desenvolvimento econ\u00f4mico e pol\u00edticas p\u00fablicas diferenciadas para os moradores\u201d, escreveu a vice-governadora.<\/p>\n<p><b>Confira munic\u00edpios beneficiados\u00a0<\/b><\/p>\n<p>1.\u00a0\u00a0\u00a0\u00a0\u00a0\u00a0Alagoa Grande<\/p>\n<p>2.\u00a0\u00a0\u00a0\u00a0\u00a0\u00a0Alagoa Nova<\/p>\n<p>3.\u00a0\u00a0\u00a0\u00a0\u00a0\u00a0Alagoinha<\/p>\n<p>4.\u00a0\u00a0\u00a0\u00a0\u00a0\u00a0Ara\u00e7agi<\/p>\n<p>5.\u00a0\u00a0\u00a0\u00a0\u00a0\u00a0Areia<\/p>\n<p>6.\u00a0\u00a0\u00a0\u00a0\u00a0\u00a0Bel\u00e9m<\/p>\n<p>7.\u00a0\u00a0\u00a0\u00a0\u00a0\u00a0Borborema<\/p>\n<p>8.\u00a0\u00a0\u00a0\u00a0\u00a0\u00a0Cuitegi<\/p>\n<p>9.\u00a0\u00a0\u00a0\u00a0\u00a0\u00a0Duas Estradas<\/p>\n<p>10.\u00a0\u00a0Guarabira<\/p>\n<p>11.\u00a0\u00a0Gurinhem<\/p>\n<p>12.\u00a0\u00a0Juarez T\u00e1vora<\/p>\n<p>13.\u00a0\u00a0Lagoa de Dentro<\/p>\n<p>14.\u00a0\u00a0Matinhas<\/p>\n<p>15.\u00a0\u00a0Mulungu<\/p>\n<p>16.\u00a0\u00a0Pil\u00f5es<\/p>\n<p>17.\u00a0\u00a0Pil\u00f5ezinho<\/p>\n<p>18.\u00a0\u00a0Pirpirituba<\/p>\n<p>19.\u00a0\u00a0S\u00e3o Jos\u00e9 dos Ramos<\/p>\n<p>20.\u00a0\u00a0Serra da Raiz<\/p>\n<p>21.\u00a0\u00a0Serra Redonda<\/p>\n<p>22.\u00a0\u00a0Serraria<\/p>\n<p>23.\u00a0\u00a0Sert\u00e3ozinho<\/p>\n<p>24.\u00a0\u00a0Caldas Brand\u00e3o<\/p>\n<p><strong>CARIRI EM A\u00c7\u00c3O<\/strong><\/p>\n<p><em>Com MaisPB\/Foto: Google\/\/montagem Cariri em A\u00e7\u00e3o\u00a0 \u00a0\u00a0<\/em><\/p>\n<p><strong>Leia mais not\u00edcias em\u00a0<\/strong><a href=\"http:\/\/www.caririemacao.com\/\"><strong>caririemacao.com<\/strong><\/a><strong>, siga nossa p\u00e1gina no\u00a0<\/strong><a href=\"https:\/\/www.facebook.com\/CaririEmAcao\/?ref=aymt_homepage_panel\"><strong>Facebook<\/strong><\/a>,<strong>\u00a0<\/strong><a href=\"https:\/\/www.instagram.com\/cariri_em_acao\/?hl=pt-br\"><strong>Instagram<\/strong><\/a><strong>\u00a0e <\/strong><a href=\"https:\/\/www.youtube.com\/channel\/UCAptA0jQuYQy8vMhLt2m4qg\"><strong>Youtube<\/strong><\/a><strong>\u00a0e veja nossas mat\u00e9rias, v\u00eddeos e fotos. Voc\u00ea tamb\u00e9m pode enviar informa\u00e7\u00f5es \u00e0 Reda\u00e7\u00e3o do Portal Cariri em A\u00e7\u00e3o pelo WhatsApp (83) 9 9634.5791, (83) 9 9601-1162.<\/strong><\/p>\n","protected":false},"excerpt":{"rendered":"<p>O senador C\u00e1ssio Cunha Lima (PSDB) e a vice-governadora L\u00edgia Feliciano (PDT) comemoraram, nesta quinta-feira (24), a inclus\u00e3o de 24 cidades paraibanas na regi\u00e3o do&hellip; <\/p>\n","protected":false},"author":2,"featured_media":33896,"comment_status":"closed","ping_status":"closed","sticky":false,"template":"","format":"standard","meta":{"sfsi_plus_gutenberg_text_before_share":"","sfsi_plus_gutenberg_show_text_before_share":"","sfsi_plus_gutenberg_icon_type":"","sfsi_plus_gutenberg_icon_alignemt":"","sfsi_plus_gutenburg_max_per_row":"","footnotes":""},"categories":[11],"tags":[],"class_list":["post-33894","post","type-post","status-publish","format-standard","has-post-thumbnail","hentry","category-politica"],"_links":{"self":[{"href":"https:\/\/www.caririemacao.com\/1\/wp-json\/wp\/v2\/posts\/33894","targetHints":{"allow":["GET"]}}],"collection":[{"href":"https:\/\/www.caririemacao.com\/1\/wp-json\/wp\/v2\/posts"}],"about":[{"href":"https:\/\/www.caririemacao.com\/1\/wp-json\/wp\/v2\/types\/post"}],"author":[{"embeddable":true,"href":"https:\/\/www.caririemacao.com\/1\/wp-json\/wp\/v2\/users\/2"}],"replies":[{"embeddable":true,"href":"https:\/\/www.caririemacao.com\/1\/wp-json\/wp\/v2\/comments?post=33894"}],"version-history":[{"count":0,"href":"https:\/\/www.caririemacao.com\/1\/wp-json\/wp\/v2\/posts\/33894\/revisions"}],"wp:featuredmedia":[{"embeddable":true,"href":"https:\/\/www.caririemacao.com\/1\/wp-json\/wp\/v2\/media\/33896"}],"wp:attachment":[{"href":"https:\/\/www.caririemacao.com\/1\/wp-json\/wp\/v2\/media?parent=33894"}],"wp:term":[{"taxonomy":"category","embeddable":true,"href":"https:\/\/www.caririemacao.com\/1\/wp-json\/wp\/v2\/categories?post=33894"},{"taxonomy":"post_tag","embeddable":true,"href":"https:\/\/www.caririemacao.com\/1\/wp-json\/wp\/v2\/tags?post=33894"}],"curies":[{"name":"wp","href":"https:\/\/api.w.org\/{rel}","templated":true}]}}