{"id":33898,"date":"2017-11-24T08:49:30","date_gmt":"2017-11-24T11:49:30","guid":{"rendered":"http:\/\/caririemacao.com\/1\/?p=33898"},"modified":"2017-11-24T08:49:30","modified_gmt":"2017-11-24T11:49:30","slug":"maioria-do-stf-defende-restricao-do-foro","status":"publish","type":"post","link":"https:\/\/www.caririemacao.com\/1\/2017\/11\/24\/maioria-do-stf-defende-restricao-do-foro\/","title":{"rendered":"Maioria do STF defende restri\u00e7\u00e3o do foro"},"content":{"rendered":"<p>A maioria dos ministros do Supremo Tribunal Federal (STF) decidiu hoje (23) a favor da restri\u00e7\u00e3o ao foro privilegiado para deputados e senadores. At\u00e9 o momento, sete dos 11 integrantes da Corte se manifestaram a favor a algum tipo de restri\u00e7\u00e3o na compet\u00eancia do tribunal para julgar crimes praticados por deputados e senadores. Os demais ministros devem votar ap\u00f3s o intervalo da sess\u00e3o.<\/p>\n<p>Para os ministros, deputados federais e senadores somente devem responder a processos no STF se o crime for praticado no exerc\u00edcio do mandato. Na sess\u00e3o desta tarde, votaram os ministros Alexandre de Moraes, que havia pedido vista do processo, Edson Fachin e Luiz Fux.<\/p>\n<p>Antes da interrup\u00e7\u00e3o, Barroso votou a favor da restri\u00e7\u00e3o ao foro privilegiado para autoridades. De acordo com Barroso, os detentores de foro privilegiado, como deputados e senadores, somente devem responder a processos criminais no STF se os fatos imputados a eles ocorrerem durante o mandato. Os ministros Marco Aur\u00e9lio, Rosa Weber e C\u00e1rmen L\u00facia acompanharam o relator.<\/p>\n<p>O caso concreto que est\u00e1 sendo julgado envolve a restri\u00e7\u00e3o de foro do atual prefeito de Cabo Frio (RJ), Marcos da Rocha Mendes. Ele chegou a ser empossado como suplente do deputado cassado Eduardo Cunha, mas renunciou ao mandato parlamentar para assumir o cargo no munic\u00edpio. O prefeito responde a uma a\u00e7\u00e3o penal no STF por suposta compra de votos, mas, em fun\u00e7\u00e3o da posse no Executivo municipal, o processo foi remetido para a Justi\u00e7a.<\/p>\n<p><strong>CARIRI EM A\u00c7\u00c3O<\/strong><\/p>\n<p><em>Com Ag\u00eancia Brasil\u00a0\/Foto: Google\u00a0\u00a0 <\/em><\/p>\n<p><strong>Leia mais not\u00edcias em\u00a0<\/strong><a href=\"http:\/\/www.caririemacao.com\/\"><strong>caririemacao.com<\/strong><\/a><strong>, siga nossa p\u00e1gina no\u00a0<\/strong><a href=\"https:\/\/www.facebook.com\/CaririEmAcao\/?ref=aymt_homepage_panel\"><strong>Facebook<\/strong><\/a>,<strong>\u00a0<\/strong><a href=\"https:\/\/www.instagram.com\/cariri_em_acao\/?hl=pt-br\"><strong>Instagram<\/strong><\/a><strong>\u00a0e <\/strong><a href=\"https:\/\/www.youtube.com\/channel\/UCAptA0jQuYQy8vMhLt2m4qg\"><strong>Youtube<\/strong><\/a><strong>\u00a0e veja nossas mat\u00e9rias, v\u00eddeos e fotos. Voc\u00ea tamb\u00e9m pode enviar informa\u00e7\u00f5es \u00e0 Reda\u00e7\u00e3o do Portal Cariri em A\u00e7\u00e3o pelo WhatsApp (83) 9 9634.5791, (83) 9 9601-1162.<\/strong><\/p>\n","protected":false},"excerpt":{"rendered":"<p>A maioria dos ministros do Supremo Tribunal Federal (STF) decidiu hoje (23) a favor da restri\u00e7\u00e3o ao foro privilegiado para deputados e senadores. At\u00e9 o&hellip; <\/p>\n","protected":false},"author":2,"featured_media":19492,"comment_status":"closed","ping_status":"closed","sticky":false,"template":"","format":"standard","meta":{"sfsi_plus_gutenberg_text_before_share":"","sfsi_plus_gutenberg_show_text_before_share":"","sfsi_plus_gutenberg_icon_type":"","sfsi_plus_gutenberg_icon_alignemt":"","sfsi_plus_gutenburg_max_per_row":"","footnotes":""},"categories":[11],"tags":[],"class_list":["post-33898","post","type-post","status-publish","format-standard","has-post-thumbnail","hentry","category-politica"],"_links":{"self":[{"href":"https:\/\/www.caririemacao.com\/1\/wp-json\/wp\/v2\/posts\/33898","targetHints":{"allow":["GET"]}}],"collection":[{"href":"https:\/\/www.caririemacao.com\/1\/wp-json\/wp\/v2\/posts"}],"about":[{"href":"https:\/\/www.caririemacao.com\/1\/wp-json\/wp\/v2\/types\/post"}],"author":[{"embeddable":true,"href":"https:\/\/www.caririemacao.com\/1\/wp-json\/wp\/v2\/users\/2"}],"replies":[{"embeddable":true,"href":"https:\/\/www.caririemacao.com\/1\/wp-json\/wp\/v2\/comments?post=33898"}],"version-history":[{"count":0,"href":"https:\/\/www.caririemacao.com\/1\/wp-json\/wp\/v2\/posts\/33898\/revisions"}],"wp:featuredmedia":[{"embeddable":true,"href":"https:\/\/www.caririemacao.com\/1\/wp-json\/wp\/v2\/media\/19492"}],"wp:attachment":[{"href":"https:\/\/www.caririemacao.com\/1\/wp-json\/wp\/v2\/media?parent=33898"}],"wp:term":[{"taxonomy":"category","embeddable":true,"href":"https:\/\/www.caririemacao.com\/1\/wp-json\/wp\/v2\/categories?post=33898"},{"taxonomy":"post_tag","embeddable":true,"href":"https:\/\/www.caririemacao.com\/1\/wp-json\/wp\/v2\/tags?post=33898"}],"curies":[{"name":"wp","href":"https:\/\/api.w.org\/{rel}","templated":true}]}}