{"id":33925,"date":"2017-11-24T08:57:46","date_gmt":"2017-11-24T11:57:46","guid":{"rendered":"http:\/\/caririemacao.com\/1\/?p=33925"},"modified":"2017-11-24T08:57:46","modified_gmt":"2017-11-24T11:57:46","slug":"pmdb-decide-expulsar-katia-abreu-por-ataques-a-temer-e-ao-partido","status":"publish","type":"post","link":"https:\/\/www.caririemacao.com\/1\/2017\/11\/24\/pmdb-decide-expulsar-katia-abreu-por-ataques-a-temer-e-ao-partido\/","title":{"rendered":"PMDB decide expulsar K\u00e1tia Abreu por ataques a Temer e ao partido"},"content":{"rendered":"<p>O PMDB decidiu expulsar a senadora\u00a0K\u00e1tia Abreu (TO) do partido devido aos ataques feitos por ela \u00e0 sigla e ao governo do presidente Michel Temer. A senadora ainda pode recorrer \u00e0 dire\u00e7\u00e3o da legenda e pedir a suspens\u00e3o do processo.<\/p>\n<p>O conselho de \u00e9tica do PMDB se reuniu nesta quinta-feira (23) e aprovou, por unanimidade, o cancelamento da filia\u00e7\u00e3o de K\u00e1tia Abreu ao partido. O processo no conselho foi encerrado e caber\u00e1 \u00e0 senadora decidir se apela \u00e0 Executiva Nacional da sigla.<\/p>\n<p>K\u00e1tia Abreu foi acusada pelos colegas de ter violado o C\u00f3digo de \u00c9tica e Fidelidade Partid\u00e1ria e o Estatuto da sigla por apresentar posi\u00e7\u00f5es contr\u00e1rias \u00e0s orienta\u00e7\u00f5es do PMDB. Ela votou contra a\u00a0reforma trabalhista\u00a0apresentada por Temer e disse ser contr\u00e1ria \u00e0\u00a0reforma da Previd\u00eancia.<\/p>\n<p>A senadora chegou a fazer reuni\u00f5es e jantares em sua casa, em Bras\u00edlia, para articular o afastamento de Temer durante a tramita\u00e7\u00e3o das den\u00fancias apresentadas contra o presidente. Ela chegou a receber nesses encontros o presidente da C\u00e2mara, Rodrigo Maia (DEM-RJ) \u2013primeiro nome na linha sucess\u00f3ria do Planalto.<\/p>\n<p>Em maio, ela subiu \u00e0 tribuna do Senado para dizer que Temer &#8220;perdeu a governabilidade&#8221; e deu &#8220;um atestado de incompet\u00eancia pol\u00edtica&#8221; ao convocar o Ex\u00e9rcito para patrulhar as ruas depois de protestos na Esplanada dos Minist\u00e9rios.<\/p>\n<p>Durante o processo de expuls\u00e3o, a senadora negou qualquer descumprimento das regras do partido e declarou que a legenda n\u00e3o prop\u00f4s puni\u00e7\u00e3o semelhante aos filiados que foram condenados por corrup\u00e7\u00e3o, por exemplo.<\/p>\n<p>K\u00e1tia Abreu foi ministra da Agricultura no governo Dilma Rousseff, uma das l\u00edderes da tropa da choque da ex-presidente durante seu processo de impeachment e defendeu a petista com vigor. Ela votou contra o afastamento e a consequente ascens\u00e3o de Temer ao poder.<\/p>\n<p>A senadora recebeu sondagens de outros partidos que gostariam de fili\u00e1-la caso sua expuls\u00e3o seja concretizada. O PSD e o PDT j\u00e1 conversaram com K\u00e1tia e estudam lan\u00e7\u00e1-la ao governo de Tocantins em 2018.<\/p>\n<p>Por meio de nota, a senadora disse ter sido expulsa por &#8220;n\u00e3o ter feito concess\u00e3o a \u00e9tica na pol\u00edtica&#8221; e por defender posi\u00e7\u00f5es que desagradam ao governo. &#8220;Fui expulsa pois ousei dizer n\u00e3o a cargos, privil\u00e9gios ou regalias do poder&#8221;.<\/p>\n<p>&#8220;A mesma comiss\u00e3o de &#8220;\u00e9tica&#8221; n\u00e3o ousou abrir processo contra membros do partido presos por corrup\u00e7\u00e3o e crimes contra o pa\u00eds&#8221;, diz a nota.<\/p>\n<p>O senador Renan Calheiros (PMDB-AL), que tamb\u00e9m \u00e9 cr\u00edtico do governo Temer, divulgou nota criticando a decis\u00e3o do partido, que classificou como &#8220;violenta&#8221;.<\/p>\n<p>&#8220;\u00c9 um ato extremo que contraria as pr\u00e1ticas pol\u00edticas do PMDB e a a sua pr\u00f3pria hist\u00f3ria. O partido foi constru\u00eddo e se fez forte por respeitar as diferen\u00e7as de opini\u00e3o. Essa \u00e9 a forma civilizada de mediar conflitos internos e transmitir confian\u00e7a \u00e0 sociedade&#8221;, afirmou por meio de nota.<\/p>\n<p><strong>CARIRI EM A\u00c7\u00c3O<\/strong><\/p>\n<p><em>Com Folha de S\u00e3o Paulo\/Foto:Google\u00a0\u00a0 <\/em><\/p>\n<p><strong>Leia mais not\u00edcias em\u00a0<\/strong><a href=\"http:\/\/www.caririemacao.com\/\"><strong>caririemacao.com<\/strong><\/a><strong>, siga nossa p\u00e1gina no\u00a0<\/strong><a href=\"https:\/\/www.facebook.com\/CaririEmAcao\/?ref=aymt_homepage_panel\"><strong>Facebook<\/strong><\/a>,<strong>\u00a0<\/strong><a href=\"https:\/\/www.instagram.com\/cariri_em_acao\/?hl=pt-br\"><strong>Instagram<\/strong><\/a><strong>\u00a0e <\/strong><a href=\"https:\/\/www.youtube.com\/channel\/UCAptA0jQuYQy8vMhLt2m4qg\"><strong>Youtube<\/strong><\/a><strong>\u00a0e veja nossas mat\u00e9rias, v\u00eddeos e fotos. Voc\u00ea tamb\u00e9m pode enviar informa\u00e7\u00f5es \u00e0 Reda\u00e7\u00e3o do Portal Cariri em A\u00e7\u00e3o pelo WhatsApp (83) 9 9634.5791, (83) 9 9601-1162.<\/strong><\/p>\n","protected":false},"excerpt":{"rendered":"<p>O PMDB decidiu expulsar a senadora\u00a0K\u00e1tia Abreu (TO) do partido devido aos ataques feitos por ela \u00e0 sigla e ao governo do presidente Michel Temer.&hellip; <\/p>\n","protected":false},"author":2,"featured_media":33927,"comment_status":"closed","ping_status":"closed","sticky":false,"template":"","format":"standard","meta":{"sfsi_plus_gutenberg_text_before_share":"","sfsi_plus_gutenberg_show_text_before_share":"","sfsi_plus_gutenberg_icon_type":"","sfsi_plus_gutenberg_icon_alignemt":"","sfsi_plus_gutenburg_max_per_row":"","footnotes":""},"categories":[11],"tags":[],"class_list":["post-33925","post","type-post","status-publish","format-standard","has-post-thumbnail","hentry","category-politica"],"_links":{"self":[{"href":"https:\/\/www.caririemacao.com\/1\/wp-json\/wp\/v2\/posts\/33925","targetHints":{"allow":["GET"]}}],"collection":[{"href":"https:\/\/www.caririemacao.com\/1\/wp-json\/wp\/v2\/posts"}],"about":[{"href":"https:\/\/www.caririemacao.com\/1\/wp-json\/wp\/v2\/types\/post"}],"author":[{"embeddable":true,"href":"https:\/\/www.caririemacao.com\/1\/wp-json\/wp\/v2\/users\/2"}],"replies":[{"embeddable":true,"href":"https:\/\/www.caririemacao.com\/1\/wp-json\/wp\/v2\/comments?post=33925"}],"version-history":[{"count":0,"href":"https:\/\/www.caririemacao.com\/1\/wp-json\/wp\/v2\/posts\/33925\/revisions"}],"wp:featuredmedia":[{"embeddable":true,"href":"https:\/\/www.caririemacao.com\/1\/wp-json\/wp\/v2\/media\/33927"}],"wp:attachment":[{"href":"https:\/\/www.caririemacao.com\/1\/wp-json\/wp\/v2\/media?parent=33925"}],"wp:term":[{"taxonomy":"category","embeddable":true,"href":"https:\/\/www.caririemacao.com\/1\/wp-json\/wp\/v2\/categories?post=33925"},{"taxonomy":"post_tag","embeddable":true,"href":"https:\/\/www.caririemacao.com\/1\/wp-json\/wp\/v2\/tags?post=33925"}],"curies":[{"name":"wp","href":"https:\/\/api.w.org\/{rel}","templated":true}]}}