{"id":33933,"date":"2017-11-24T09:02:40","date_gmt":"2017-11-24T12:02:40","guid":{"rendered":"http:\/\/caririemacao.com\/1\/?p=33933"},"modified":"2017-11-24T09:02:40","modified_gmt":"2017-11-24T12:02:40","slug":"lula-quero-disputar-com-alguem-com-logotipo-da-globo-na-testa","status":"publish","type":"post","link":"https:\/\/www.caririemacao.com\/1\/2017\/11\/24\/lula-quero-disputar-com-alguem-com-logotipo-da-globo-na-testa\/","title":{"rendered":"Lula: \u2018Quero disputar com algu\u00e9m com logotipo da Globo na testa\u2019"},"content":{"rendered":"<section class=\"l-noticia\">O ex-presidente Luiz In\u00e1cio Lula da Silva (PT) afirmou na manh\u00e3 desta quinta-feira, 23, que n\u00e3o v\u00ea possibilidade de n\u00e3o disputar a Presid\u00eancia da Rep\u00fablica nas elei\u00e7\u00f5es gerais de 2018. E provocou o apresentador de TV Luciano Huck (sem partido), destacando que tudo o que mais deseja na vida \u00e9 \u201cdisputar (a cadeira presidencial) com algu\u00e9m com o logotipo da Globo na testa\u201d.<\/p>\n<p>Em entrevista \u00e0 R\u00e1dio 730 AM de Goi\u00e1s, na manh\u00e3 desta quinta, Lula disse n\u00e3o acreditar em candidaturas outsiders e que gostaria de ver \u201co que eles querem para o Brasil\u201d. \u201cAinda n\u00e3o discutimos candidatura, mas a minha disposi\u00e7\u00e3o \u00e9 ser candidato e fazer o povo voltar a andar de cabe\u00e7a erguida. Quem salvou o Brasil uma vez, pode salvar o Brasil de novo\u201d, emendou.<\/p>\n<p>A edi\u00e7\u00e3o desta quinta-feira do jornal O Estado de S.Paulo mostra o apresentador Luciano Huck, prov\u00e1vel presidenci\u00e1vel, com uma melhora significativa de imagem nos \u00faltimos dois meses. A aprova\u00e7\u00e3o ao nome de Huck registrou salto de 17 pontos porcentuais desde setembro, passando de 43% para 60%.<\/p>\n<p>J\u00e1 a desaprova\u00e7\u00e3o caiu de 40% para 32% no mesmo per\u00edodo. Entre os presidenci\u00e1veis, o primeiro a aparecer no ranking de aprova\u00e7\u00e3o do Bar\u00f4metro Pol\u00edtico, depois de Huck, \u00e9 Lula, com 43% de avalia\u00e7\u00e3o positiva e 56% de negativa, seguido do ex-ministro do STF Joaquim Barbosa com 42% de avalia\u00e7\u00e3o positiva e 41% negativa; Marina Silva (Rede) com 35% positiva e 56% negativa e Geraldo Alckmin (PSDB) e Jair Bolsonaro (PSC) com avalia\u00e7\u00e3o positiva de 24%. O governador tucano tem avalia\u00e7\u00e3o negativa de 67% e Bolsonaro 60%.<\/p>\n<p><strong>CARIRI EM A\u00c7\u00c3O<\/strong><\/p>\n<p><em>Com V<\/em>eja<em>\/Foto:\u00a0 Google\u00a0\u00a0 <\/em><\/p>\n<p><strong>Leia mais not\u00edcias em\u00a0<\/strong><a href=\"http:\/\/www.caririemacao.com\/\"><strong>caririemacao.com<\/strong><\/a><strong>, siga nossa p\u00e1gina no\u00a0<\/strong><a href=\"https:\/\/www.facebook.com\/CaririEmAcao\/?ref=aymt_homepage_panel\"><strong>Facebook<\/strong><\/a>,<strong>\u00a0<\/strong><a href=\"https:\/\/www.instagram.com\/cariri_em_acao\/?hl=pt-br\"><strong>Instagram<\/strong><\/a><strong>\u00a0e <\/strong><a href=\"https:\/\/www.youtube.com\/channel\/UCAptA0jQuYQy8vMhLt2m4qg\"><strong>Youtube<\/strong><\/a><strong>\u00a0e veja nossas mat\u00e9rias, v\u00eddeos e fotos. Voc\u00ea tamb\u00e9m pode enviar informa\u00e7\u00f5es \u00e0 Reda\u00e7\u00e3o do Portal Cariri em A\u00e7\u00e3o pelo WhatsApp (83) 9 9634.5791, (83) 9 9601-1162.<\/strong><\/p>\n<\/section>\n","protected":false},"excerpt":{"rendered":"<p>O ex-presidente Luiz In\u00e1cio Lula da Silva (PT) afirmou na manh\u00e3 desta quinta-feira, 23, que n\u00e3o v\u00ea possibilidade de n\u00e3o disputar a Presid\u00eancia da Rep\u00fablica&hellip; <\/p>\n","protected":false},"author":2,"featured_media":33934,"comment_status":"closed","ping_status":"closed","sticky":false,"template":"","format":"standard","meta":{"sfsi_plus_gutenberg_text_before_share":"","sfsi_plus_gutenberg_show_text_before_share":"","sfsi_plus_gutenberg_icon_type":"","sfsi_plus_gutenberg_icon_alignemt":"","sfsi_plus_gutenburg_max_per_row":"","footnotes":""},"categories":[1],"tags":[],"class_list":["post-33933","post","type-post","status-publish","format-standard","has-post-thumbnail","hentry","category-o-site"],"_links":{"self":[{"href":"https:\/\/www.caririemacao.com\/1\/wp-json\/wp\/v2\/posts\/33933","targetHints":{"allow":["GET"]}}],"collection":[{"href":"https:\/\/www.caririemacao.com\/1\/wp-json\/wp\/v2\/posts"}],"about":[{"href":"https:\/\/www.caririemacao.com\/1\/wp-json\/wp\/v2\/types\/post"}],"author":[{"embeddable":true,"href":"https:\/\/www.caririemacao.com\/1\/wp-json\/wp\/v2\/users\/2"}],"replies":[{"embeddable":true,"href":"https:\/\/www.caririemacao.com\/1\/wp-json\/wp\/v2\/comments?post=33933"}],"version-history":[{"count":0,"href":"https:\/\/www.caririemacao.com\/1\/wp-json\/wp\/v2\/posts\/33933\/revisions"}],"wp:featuredmedia":[{"embeddable":true,"href":"https:\/\/www.caririemacao.com\/1\/wp-json\/wp\/v2\/media\/33934"}],"wp:attachment":[{"href":"https:\/\/www.caririemacao.com\/1\/wp-json\/wp\/v2\/media?parent=33933"}],"wp:term":[{"taxonomy":"category","embeddable":true,"href":"https:\/\/www.caririemacao.com\/1\/wp-json\/wp\/v2\/categories?post=33933"},{"taxonomy":"post_tag","embeddable":true,"href":"https:\/\/www.caririemacao.com\/1\/wp-json\/wp\/v2\/tags?post=33933"}],"curies":[{"name":"wp","href":"https:\/\/api.w.org\/{rel}","templated":true}]}}