{"id":33936,"date":"2017-11-24T09:04:54","date_gmt":"2017-11-24T12:04:54","guid":{"rendered":"http:\/\/caririemacao.com\/1\/?p=33936"},"modified":"2017-11-24T09:04:54","modified_gmt":"2017-11-24T12:04:54","slug":"anatel-comeca-a-bloquear-celulares-piratas-em-maio-de-2018","status":"publish","type":"post","link":"https:\/\/www.caririemacao.com\/1\/2017\/11\/24\/anatel-comeca-a-bloquear-celulares-piratas-em-maio-de-2018\/","title":{"rendered":"Anatel come\u00e7a a bloquear celulares piratas em maio de 2018"},"content":{"rendered":"<p>O Conselho Diretor da Ag\u00eancia Nacional de Telecomunica\u00e7\u00f5es (Anatel) aprovou nesta quinta-feira (23) o cronograma de implanta\u00e7\u00e3o do bloqueio de novos terminais m\u00f3veis irregulares. O bloqueio, que come\u00e7ar\u00e1 no dia 9 de maio de 2018, n\u00e3o afetar\u00e1 os terminais exclusivos para dados, porque, de acordo com a ag\u00eancia, n\u00e3o seria poss\u00edvel encaminhar as mensagens informativas aos aparelhos.<\/p>\n<p>O projeto piloto ser\u00e1 iniciado no Distrito Federal e em Goi\u00e1s no dia 22 de fevereiro de 2018 com o envio de mensagens aos usu\u00e1rios de celulares irregulares. A medida vale para aparelhos conhecidos como piratas, que foram habilitados a partir de 22 de fevereiro nas duas unidades federativas.<\/p>\n<p>O projeto tem por objetivo coibir o uso de telefones m\u00f3veis n\u00e3o certificados pela Anatel, com IMEI (International Mobile Equipment Identity) adulterado, clonado ou outras formas de fraude. Participam do projeto, coordenado pela ag\u00eancia, a ind\u00fastria e as empresas de telefonia m\u00f3vel.<\/p>\n<p>A decis\u00e3o da Anatel prev\u00ea ainda que a intera\u00e7\u00e3o com \u00f3rg\u00e3os de defesa do consumidor e Minist\u00e9rio P\u00fablico deve ser constante e anteceder a fase de encaminhamento de mensagens sobre ado\u00e7\u00e3o de medidas de restri\u00e7\u00e3o de uso de aparelhos irregulares.<\/p>\n<p>A Procuradoria Federal Especializada da Anatel n\u00e3o identificou impedimento jur\u00eddico ao bloqueio apenas de novos aparelhos irregulares. Dados coletados pela Anatel demonstram que cerca de 1 milh\u00e3o de novos aparelhos entram nas redes das prestadoras mensalmente.<\/p>\n<p><strong>IMEI<\/strong><\/p>\n<p>Cada celular tem um n\u00famero de identifica\u00e7\u00e3o \u00fanico e global, chamado de IMEI, que equivale, por exemplo, ao n\u00famero de chassis de um carro, ou seja, \u00e9 \u00fanico para cada aparelho celular.<\/p>\n<p>O consumidor deve verificar, antes de comprar um aparelho celular, se o n\u00famero que aparece na caixa, o n\u00famero do adesivo e o n\u00famero que aparece ao discar *#06# s\u00e3o os mesmos. Caso os n\u00fameros apresentados sejam diferentes, h\u00e1 uma grande chance de o aparelho ser irregular.<\/p>\n<div class=\"td-a-rec td-a-rec-id-content_bottom  td_uid_1_5a176ea237e5f_rand td_block_template_1\">\n<div id=\"div-gpt-ad-1510753744454-4\" data-google-query-id=\"CMOEq7iD19cCFcaGkQod7EkBFg\">\n<div id=\"google_ads_iframe_\/19487587\/PORTALCORREIO\/homepage_728x90_banner_bot_0__container__\">\n<p><strong>CARIRI EM A\u00c7\u00c3O<\/strong><\/p>\n<p><em>Com Ag\u00eancia Brasil \/Foto: Google\u00a0\u00a0 <\/em><\/p>\n<p><strong>Leia mais not\u00edcias em\u00a0<\/strong><a href=\"http:\/\/www.caririemacao.com\/\"><strong>caririemacao.com<\/strong><\/a><strong>, siga nossa p\u00e1gina no\u00a0<\/strong><a href=\"https:\/\/www.facebook.com\/CaririEmAcao\/?ref=aymt_homepage_panel\"><strong>Facebook<\/strong><\/a>,<strong>\u00a0<\/strong><a href=\"https:\/\/www.instagram.com\/cariri_em_acao\/?hl=pt-br\"><strong>Instagram<\/strong><\/a><strong>\u00a0e <\/strong><a href=\"https:\/\/www.youtube.com\/channel\/UCAptA0jQuYQy8vMhLt2m4qg\"><strong>Youtube<\/strong><\/a><strong>\u00a0e veja nossas mat\u00e9rias, v\u00eddeos e fotos. Voc\u00ea tamb\u00e9m pode enviar informa\u00e7\u00f5es \u00e0 Reda\u00e7\u00e3o do Portal Cariri em A\u00e7\u00e3o pelo WhatsApp (83) 9 9634.5791, (83) 9 9601-1162.<\/strong><\/p>\n<\/div>\n<\/div>\n<\/div>\n","protected":false},"excerpt":{"rendered":"<p>O Conselho Diretor da Ag\u00eancia Nacional de Telecomunica\u00e7\u00f5es (Anatel) aprovou nesta quinta-feira (23) o cronograma de implanta\u00e7\u00e3o do bloqueio de novos terminais m\u00f3veis irregulares. O&hellip; <\/p>\n","protected":false},"author":2,"featured_media":33937,"comment_status":"closed","ping_status":"closed","sticky":false,"template":"","format":"standard","meta":{"sfsi_plus_gutenberg_text_before_share":"","sfsi_plus_gutenberg_show_text_before_share":"","sfsi_plus_gutenberg_icon_type":"","sfsi_plus_gutenberg_icon_alignemt":"","sfsi_plus_gutenburg_max_per_row":"","footnotes":""},"categories":[2],"tags":[],"class_list":["post-33936","post","type-post","status-publish","format-standard","has-post-thumbnail","hentry","category-geral"],"_links":{"self":[{"href":"https:\/\/www.caririemacao.com\/1\/wp-json\/wp\/v2\/posts\/33936","targetHints":{"allow":["GET"]}}],"collection":[{"href":"https:\/\/www.caririemacao.com\/1\/wp-json\/wp\/v2\/posts"}],"about":[{"href":"https:\/\/www.caririemacao.com\/1\/wp-json\/wp\/v2\/types\/post"}],"author":[{"embeddable":true,"href":"https:\/\/www.caririemacao.com\/1\/wp-json\/wp\/v2\/users\/2"}],"replies":[{"embeddable":true,"href":"https:\/\/www.caririemacao.com\/1\/wp-json\/wp\/v2\/comments?post=33936"}],"version-history":[{"count":0,"href":"https:\/\/www.caririemacao.com\/1\/wp-json\/wp\/v2\/posts\/33936\/revisions"}],"wp:featuredmedia":[{"embeddable":true,"href":"https:\/\/www.caririemacao.com\/1\/wp-json\/wp\/v2\/media\/33937"}],"wp:attachment":[{"href":"https:\/\/www.caririemacao.com\/1\/wp-json\/wp\/v2\/media?parent=33936"}],"wp:term":[{"taxonomy":"category","embeddable":true,"href":"https:\/\/www.caririemacao.com\/1\/wp-json\/wp\/v2\/categories?post=33936"},{"taxonomy":"post_tag","embeddable":true,"href":"https:\/\/www.caririemacao.com\/1\/wp-json\/wp\/v2\/tags?post=33936"}],"curies":[{"name":"wp","href":"https:\/\/api.w.org\/{rel}","templated":true}]}}