{"id":33942,"date":"2017-11-24T09:16:57","date_gmt":"2017-11-24T12:16:57","guid":{"rendered":"http:\/\/caririemacao.com\/1\/?p=33942"},"modified":"2017-11-24T09:16:57","modified_gmt":"2017-11-24T12:16:57","slug":"governo-vai-gastar-mais-r-145-bi-em-troca-de-votos-pela-reforma-da-previdencia","status":"publish","type":"post","link":"https:\/\/www.caririemacao.com\/1\/2017\/11\/24\/governo-vai-gastar-mais-r-145-bi-em-troca-de-votos-pela-reforma-da-previdencia\/","title":{"rendered":"Governo vai gastar mais R$ 14,5 bi em troca de votos pela reforma da Previd\u00eancia"},"content":{"rendered":"<p>A retomada das articula\u00e7\u00f5es para\u00a0aprovar a reforma da Previd\u00eancia ainda este ano\u00a0vai exigir do governo o pagamento de uma \u201cfatura extra\u201d de pelo menos R$ 14,5 bilh\u00f5es em troca dos votos do parlamentares.<\/p>\n<p>A conta pode crescer nas pr\u00f3ximas semanas com medidas que incluem compensa\u00e7\u00f5es a Estados, ajuda a prefeitos e emendas parlamentares.\u00a0<span class=\"storyimage smallfullwidth inlineimage\" data-aop=\"image\"><span class=\"caption truncate\">Na pesquisa, 50,6% dos leitores afirmam que a idade m\u00ednima para aposentadoria deveria ser mantida como \u00e9 hoje, com 55 anos para mulheres e 60 para homens.<\/span><\/span><\/p>\n<p>O governo ainda est\u00e1 longe de reunir os 308 votos necess\u00e1rios para aprovar o texto, mas n\u00e3o desistiu de colocar a proposta em vota\u00e7\u00e3o ainda este ano e j\u00e1 escalou seus principais l\u00edderes para conversas com bancadas nos pr\u00f3ximos dias.<\/p>\n<p>O presidente da C\u00e2mara, Rodrigo Maia (DEM-RJ), indicou que a vota\u00e7\u00e3o deve ocorrer na primeira semana de dezembro.<\/p>\n<p>O governo j\u00e1 est\u00e1 lan\u00e7ando m\u00e3o de novas benesses para melhorar o clima com o Congresso e angariar o apoio de prefeitos e governadores no corpo a corpo com deputados.<\/p>\n<p>Elas v\u00e3o al\u00e9m das concess\u00f5es feitas entre abril e maio, que inclu\u00edram os diversos programas de parcelamentos de d\u00e9bitos com direito a descontos em juros e multas &#8211; um para contribuintes em geral, um para Estados e munic\u00edpios e outro para o setor rural.<\/p>\n<p>Os prefeitos j\u00e1 conseguiram de Temer a promessa de R$ 2 bilh\u00f5es em recursos e o aval para a derrubada de um veto no Congresso que, na pr\u00e1tica, pode beneficiar os munic\u00edpios em \u201cpelo menos\u201d R$ 10 bilh\u00f5es, nas contas da Confedera\u00e7\u00e3o Nacional dos Munic\u00edpios (CNM).<\/p>\n<p>Segundo o presidente da CNM, Paulo Ziulkoski, haver\u00e1 um \u201cencontro de contas\u201d entre prefeituras e Uni\u00e3o em torno da d\u00edvida previdenci\u00e1ria. Os prefeitos devem mais de R$ 75 bilh\u00f5es \u00e0 Uni\u00e3o, mas alegam ter dinheiro a receber do governo federal. Um comit\u00ea ser\u00e1 criado para discutir os n\u00fameros, mas o processo deve demorar e se estender ao longo do ano que vem. A medida mais imediata ser\u00e1 a libera\u00e7\u00e3o dos R$ 2 bilh\u00f5es, que os prefeitos esperam j\u00e1 para dezembro.<\/p>\n<p>Os Estados querem tamb\u00e9m fechar um acerto de contas das perdas com a Lei Kandir, que desonera exporta\u00e7\u00f5es do pagamento de ICMS. A equipe econ\u00f4mica j\u00e1 previu no Or\u00e7amento de 2018 um desembolso de R$ 1,9 bilh\u00e3o aos Estados por meio do Fundo de Aux\u00edlio Financeiro para Fomento das Exporta\u00e7\u00f5es (FEX). Mas os Estados sempre pedem mais.<\/p>\n<p>Proposta em discuss\u00e3o no Congresso prev\u00ea um repasse de R$ 39 bilh\u00f5es por ano daqui em diante e uma negocia\u00e7\u00e3o das perdas dos \u00faltimos dez anos. O acerto do passivo poder\u00e1 envolver abatimento da d\u00edvida dos Estados com a Uni\u00e3o, mas o valor ainda ser\u00e1 definido com a equipe econ\u00f4mica.<\/p>\n<p>Outra medida que deve ajudar a melhorar o clima com o Congresso Nacional \u00e9 a recente libera\u00e7\u00e3o de R$ 7,5 bilh\u00f5es do Or\u00e7amento deste ano, que resultou em R$ 600 milh\u00f5es a mais em emendas parlamentares.<br \/>\nCom esses acenos, a equipe econ\u00f4mica evita envolver nas negocia\u00e7\u00f5es medidas consideradas importantes para o ajuste fiscal, como o adiamento do reajuste dos servidores p\u00fablicos.<\/p>\n<p><strong>CARIRI EM A\u00c7\u00c3O<\/strong><\/p>\n<p><em>Com Estad\u00e3o\/Foto:Wilton Junior|Estad\u00e3o<\/em><\/p>\n<p><strong>Leia mais not\u00edcias em\u00a0<\/strong><a href=\"http:\/\/www.caririemacao.com\/\"><strong>caririemacao.com<\/strong><\/a><strong>, siga nossa p\u00e1gina no\u00a0<\/strong><a href=\"https:\/\/www.facebook.com\/CaririEmAcao\/?ref=aymt_homepage_panel\"><strong>Facebook<\/strong><\/a>,<strong>\u00a0<\/strong><a href=\"https:\/\/www.instagram.com\/cariri_em_acao\/?hl=pt-br\"><strong>Instagram<\/strong><\/a><strong>\u00a0e <\/strong><a href=\"https:\/\/www.youtube.com\/channel\/UCAptA0jQuYQy8vMhLt2m4qg\"><strong>Youtube<\/strong><\/a><strong>\u00a0e veja nossas mat\u00e9rias, v\u00eddeos e fotos. Voc\u00ea tamb\u00e9m pode enviar informa\u00e7\u00f5es \u00e0 Reda\u00e7\u00e3o do Portal Cariri em A\u00e7\u00e3o pelo WhatsApp (83) 9 9634.5791, (83) 9 9601-1162.<\/strong><\/p>\n","protected":false},"excerpt":{"rendered":"<p>A retomada das articula\u00e7\u00f5es para\u00a0aprovar a reforma da Previd\u00eancia ainda este ano\u00a0vai exigir do governo o pagamento de uma \u201cfatura extra\u201d de pelo menos R$&hellip; <\/p>\n","protected":false},"author":2,"featured_media":33943,"comment_status":"closed","ping_status":"closed","sticky":false,"template":"","format":"standard","meta":{"sfsi_plus_gutenberg_text_before_share":"","sfsi_plus_gutenberg_show_text_before_share":"","sfsi_plus_gutenberg_icon_type":"","sfsi_plus_gutenberg_icon_alignemt":"","sfsi_plus_gutenburg_max_per_row":"","footnotes":""},"categories":[11],"tags":[],"class_list":["post-33942","post","type-post","status-publish","format-standard","has-post-thumbnail","hentry","category-politica"],"_links":{"self":[{"href":"https:\/\/www.caririemacao.com\/1\/wp-json\/wp\/v2\/posts\/33942","targetHints":{"allow":["GET"]}}],"collection":[{"href":"https:\/\/www.caririemacao.com\/1\/wp-json\/wp\/v2\/posts"}],"about":[{"href":"https:\/\/www.caririemacao.com\/1\/wp-json\/wp\/v2\/types\/post"}],"author":[{"embeddable":true,"href":"https:\/\/www.caririemacao.com\/1\/wp-json\/wp\/v2\/users\/2"}],"replies":[{"embeddable":true,"href":"https:\/\/www.caririemacao.com\/1\/wp-json\/wp\/v2\/comments?post=33942"}],"version-history":[{"count":0,"href":"https:\/\/www.caririemacao.com\/1\/wp-json\/wp\/v2\/posts\/33942\/revisions"}],"wp:featuredmedia":[{"embeddable":true,"href":"https:\/\/www.caririemacao.com\/1\/wp-json\/wp\/v2\/media\/33943"}],"wp:attachment":[{"href":"https:\/\/www.caririemacao.com\/1\/wp-json\/wp\/v2\/media?parent=33942"}],"wp:term":[{"taxonomy":"category","embeddable":true,"href":"https:\/\/www.caririemacao.com\/1\/wp-json\/wp\/v2\/categories?post=33942"},{"taxonomy":"post_tag","embeddable":true,"href":"https:\/\/www.caririemacao.com\/1\/wp-json\/wp\/v2\/tags?post=33942"}],"curies":[{"name":"wp","href":"https:\/\/api.w.org\/{rel}","templated":true}]}}