{"id":33945,"date":"2017-11-24T09:20:55","date_gmt":"2017-11-24T12:20:55","guid":{"rendered":"http:\/\/caririemacao.com\/1\/?p=33945"},"modified":"2017-11-24T09:20:55","modified_gmt":"2017-11-24T12:20:55","slug":"prefeito-adriano-wolff-e-convidado-para-participar-encontro-de-prefeitos-na-bolivia","status":"publish","type":"post","link":"https:\/\/www.caririemacao.com\/1\/2017\/11\/24\/prefeito-adriano-wolff-e-convidado-para-participar-encontro-de-prefeitos-na-bolivia\/","title":{"rendered":"Prefeito Adriano Wolff \u00e9 convidado para participar encontro de prefeitos na Bol\u00edvia"},"content":{"rendered":"<p>O prefeito de S\u00e3o Sebasti\u00e3o do Umbuzeiro, Adriano Wolff, foi um dos quatro prefeitos brasileiros convidados para participar do Encuentro De Alcaldes 2017 (Encontro de Prefeitos 2017) \u2013 De La Uni\u00f3n De Partidos Latinoamericanos (UPLA), que acontece na Bol\u00edvia.<\/p>\n<p>O evento tem in\u00edcio nesta quinta-feira, dia 23 e segue at\u00e9 o pr\u00f3ximo domingo, dia 26, no Gran Hotel Cochabamba, Cochabamba, na Bol\u00edvia,\u00a0 e tem como tema a \u201cModerniza\u00e7\u00e3o da gest\u00e3o municipal: sa\u00fade, transporte e transpar\u00eancia para contratos p\u00fablicos\u201d.<\/p>\n<p>O Prefeito Adriano Wolff agradeceu o convite, e justificou que n\u00e3o poderia participar do evento, devido uma agenda j\u00e1 marcada em Jo\u00e3o Pessoa nesta sexta-feira (24), para entrega de uma documenta\u00e7\u00e3o para libera\u00e7\u00e3o de uma emenda do deputado Adriano Galdino, e devido \u00e0 inaugura\u00e7\u00e3o da Casa da Cidadania de S\u00e3o Sebasti\u00e3o do Umbuzeiro na segunda-feira.<\/p>\n<p>\u201cGostaria primeiro de agradecer o convite, mas devido a uma agenda j\u00e1 marcada anteriormente, n\u00e3o poderei participar do evento. Fiquei at\u00e9 surpreso, \u00e9 uma boa oportunidade de compartilhar experi\u00eancias com gest\u00f5es de outro Pa\u00eds, mas ficar\u00e1 para outra oportunidade\u201d, disse o prefeito caririzeiro.<\/p>\n<p><strong>CARIRI EM A\u00c7\u00c3O<\/strong><\/p>\n<p><em>Com Tribuna do Cariri \/Foto: Google\u00a0\u00a0 <\/em><\/p>\n<p><strong>Leia mais not\u00edcias em\u00a0<\/strong><a href=\"http:\/\/www.caririemacao.com\/\"><strong>caririemacao.com<\/strong><\/a><strong>, siga nossa p\u00e1gina no\u00a0<\/strong><a href=\"https:\/\/www.facebook.com\/CaririEmAcao\/?ref=aymt_homepage_panel\"><strong>Facebook<\/strong><\/a>,<strong>\u00a0<\/strong><a href=\"https:\/\/www.instagram.com\/cariri_em_acao\/?hl=pt-br\"><strong>Instagram<\/strong><\/a><strong>\u00a0e <\/strong><a href=\"https:\/\/www.youtube.com\/channel\/UCAptA0jQuYQy8vMhLt2m4qg\"><strong>Youtube<\/strong><\/a><strong>\u00a0e veja nossas mat\u00e9rias, v\u00eddeos e fotos. Voc\u00ea tamb\u00e9m pode enviar informa\u00e7\u00f5es \u00e0 Reda\u00e7\u00e3o do Portal Cariri em A\u00e7\u00e3o pelo WhatsApp (83) 9 9634.5791, (83) 9 9601-1162.<\/strong><\/p>\n","protected":false},"excerpt":{"rendered":"<p>O prefeito de S\u00e3o Sebasti\u00e3o do Umbuzeiro, Adriano Wolff, foi um dos quatro prefeitos brasileiros convidados para participar do Encuentro De Alcaldes 2017 (Encontro de&hellip; <\/p>\n","protected":false},"author":2,"featured_media":25951,"comment_status":"closed","ping_status":"closed","sticky":false,"template":"","format":"standard","meta":{"sfsi_plus_gutenberg_text_before_share":"","sfsi_plus_gutenberg_show_text_before_share":"","sfsi_plus_gutenberg_icon_type":"","sfsi_plus_gutenberg_icon_alignemt":"","sfsi_plus_gutenburg_max_per_row":"","footnotes":""},"categories":[6],"tags":[],"class_list":["post-33945","post","type-post","status-publish","format-standard","has-post-thumbnail","hentry","category-cidades"],"_links":{"self":[{"href":"https:\/\/www.caririemacao.com\/1\/wp-json\/wp\/v2\/posts\/33945","targetHints":{"allow":["GET"]}}],"collection":[{"href":"https:\/\/www.caririemacao.com\/1\/wp-json\/wp\/v2\/posts"}],"about":[{"href":"https:\/\/www.caririemacao.com\/1\/wp-json\/wp\/v2\/types\/post"}],"author":[{"embeddable":true,"href":"https:\/\/www.caririemacao.com\/1\/wp-json\/wp\/v2\/users\/2"}],"replies":[{"embeddable":true,"href":"https:\/\/www.caririemacao.com\/1\/wp-json\/wp\/v2\/comments?post=33945"}],"version-history":[{"count":0,"href":"https:\/\/www.caririemacao.com\/1\/wp-json\/wp\/v2\/posts\/33945\/revisions"}],"wp:featuredmedia":[{"embeddable":true,"href":"https:\/\/www.caririemacao.com\/1\/wp-json\/wp\/v2\/media\/25951"}],"wp:attachment":[{"href":"https:\/\/www.caririemacao.com\/1\/wp-json\/wp\/v2\/media?parent=33945"}],"wp:term":[{"taxonomy":"category","embeddable":true,"href":"https:\/\/www.caririemacao.com\/1\/wp-json\/wp\/v2\/categories?post=33945"},{"taxonomy":"post_tag","embeddable":true,"href":"https:\/\/www.caririemacao.com\/1\/wp-json\/wp\/v2\/tags?post=33945"}],"curies":[{"name":"wp","href":"https:\/\/api.w.org\/{rel}","templated":true}]}}