{"id":33949,"date":"2017-11-25T01:43:12","date_gmt":"2017-11-25T04:43:12","guid":{"rendered":"http:\/\/caririemacao.com\/1\/?p=33949"},"modified":"2017-11-25T01:43:12","modified_gmt":"2017-11-25T04:43:12","slug":"plenario-aprova-prorrogacao-de-bolsa-de-estudo-para-novas-maes","status":"publish","type":"post","link":"https:\/\/www.caririemacao.com\/1\/2017\/11\/25\/plenario-aprova-prorrogacao-de-bolsa-de-estudo-para-novas-maes\/","title":{"rendered":"Plen\u00e1rio aprova prorroga\u00e7\u00e3o de bolsa de estudo para novas m\u00e3es"},"content":{"rendered":"<p>O Plen\u00e1rio do Senado aprovou nesta quinta-feira (23) projeto que permite a prorroga\u00e7\u00e3o dos prazos de vig\u00eancia das bolsas de estudo nos casos de maternidade ou de ado\u00e7\u00e3o. De iniciativa da deputada Alice Portugal (PCdoB-BA), a mat\u00e9ria segue agora para san\u00e7\u00e3o da Presid\u00eancia da Rep\u00fablica.<\/p>\n<p>O Projeto de Lei da C\u00e2mara (PLC)\u00a0<a class=\"m_-3631603781244080159m_3345681635235890590m_3010627270779803190external-link\" href=\"http:\/\/www25.senado.leg.br\/web\/atividade\/materias\/-\/materia\/129751\" target=\"_blank\" rel=\"noopener\" data-saferedirecturl=\"https:\/\/www.google.com\/url?hl=pt-BR&amp;q=http:\/\/www25.senado.leg.br\/web\/atividade\/materias\/-\/materia\/129751&amp;source=gmail&amp;ust=1511668866033000&amp;usg=AFQjCNEcO8kl2KlgUFjlJZ_Vodir9EM0gQ\">62\/2017<\/a>\u00a0possibilita ampliar o prazo de bolsas de estudo ou pesquisa, concedidas por ag\u00eancias de fomento, que tenham dura\u00e7\u00e3o m\u00ednima de 12 meses. A validade poder\u00e1 ser estendida por at\u00e9 120 dias. O benef\u00edcio poder\u00e1 ser dado depois de comprovado o afastamento tempor\u00e1rio em virtude de parto, de ado\u00e7\u00e3o ou de obten\u00e7\u00e3o de guarda judicial para fins de ado\u00e7\u00e3o.<\/p>\n<p>A proposta tamb\u00e9m veda a suspens\u00e3o do pagamento da bolsa durante o afastamento e impede a concess\u00e3o do benef\u00edcio a mais de um bolsista quando decorrente do mesmo processo de ado\u00e7\u00e3o. Em caso de morte do bolsista beneficiado, o c\u00f4njuge ou companheiro que tamb\u00e9m seja bolsista poder\u00e1 usufruir do tempo restante da prorroga\u00e7\u00e3o concedida, exceto em caso de falecimento do filho ou de desist\u00eancia da ado\u00e7\u00e3o.<\/p>\n<p>Para a relatora da mat\u00e9ria na Comiss\u00e3o de Educa\u00e7\u00e3o, Cultura e Esporte (CE), senadora Marta Suplicy (PMDB-SP), o projeto \u00e9 uma forma de dar mais seguran\u00e7a aos bolsistas. Ela diz que a aprova\u00e7\u00e3o do projeto \u201cn\u00e3o \u00e9 s\u00f3 uma quest\u00e3o que interessa \u00e0s mulheres e aos adotantes, mas a todos os brasileiros\u201d.<\/p>\n<p>Na vis\u00e3o da senadora, a proposta tamb\u00e9m \u00e9 uma forma de &#8220;aumentar a efici\u00eancia do sistema de bolsas, evitando o eventual desperd\u00edcio causado pelo fato de bolsistas poderem vir a ser obrigados a abandonar cursos ou projetos de pesquisa antes de sua conclus\u00e3o e depois de terem sido objeto de significativos investimentos de recursos p\u00fablicos e de esfor\u00e7os pessoais\u201d.<\/p>\n<p>Ao explicar o projeto na tribuna, Marta aproveitou para defender a continuidade da educa\u00e7\u00e3o sexual nas escolas, enfrentando aqueles que se op\u00f5em \u00e0 igualdade de g\u00eanero:<\/p>\n<p>\u2014 Agora estamos num fundamentalismo bravo, com c\u00e2maras municipais proibindo at\u00e9 a introdu\u00e7\u00e3o da palavra &#8220;g\u00eanero&#8221;. Por tr\u00e1s dessa quest\u00e3o est\u00e1 outra: a igualdade de homem e mulher. Ela pode ser trabalhada na escola, que pode fazer a diferen\u00e7a. Uma pesquisa mostrou que 65,2% dos brasileiros hoje aceitam o casamento homossexual. Eu, nessa luta h\u00e1 tanto tempo, al\u00e9m de satisfeita, fiquei bastante surpreendida. \u00c9 um avan\u00e7o extraordin\u00e1rio que estamos tendo na sociedade. N\u00e3o adianta o fundamentalismo, a sociedade se move \u2014 disse a senadora paulista.<\/p>\n<h3><strong>CNPq e Capes<\/strong><\/h3>\n<p>As novas regras, caso sancionadas, transformar\u00e3o em lei uma pr\u00e1tica que j\u00e1 vem sendo adotada por algumas das principais ag\u00eancias de fomento a estudos e pesquisas no Brasil. O Conselho Nacional de Desenvolvimento Cient\u00edfico e Tecnol\u00f3gico (CNPq) e a Coordena\u00e7\u00e3o de Aperfei\u00e7oamento de Pessoal de N\u00edvel Superior (Capes) j\u00e1 possuem normas internas que concedem essa prorroga\u00e7\u00e3o a bolsistas que recebem o aux\u00edlio por 24 meses ou mais (mestrado e doutorado).<\/p>\n<p><strong>CARIRI EM A\u00c7\u00c3O<\/strong><\/p>\n<p><em>Com Ag\u00eancia Senado\/Foto:Divulga\u00e7\u00e3o<\/em><\/p>\n<p><strong>Leia mais not\u00edcias em\u00a0<\/strong><a href=\"http:\/\/www.caririemacao.com\/\"><strong>caririemacao.com<\/strong><\/a><strong>, siga nossa p\u00e1gina no\u00a0<\/strong><a href=\"https:\/\/www.facebook.com\/CaririEmAcao\/?ref=aymt_homepage_panel\"><strong>Facebook<\/strong><\/a>,<strong>\u00a0<\/strong><a href=\"https:\/\/www.instagram.com\/cariri_em_acao\/?hl=pt-br\"><strong>Instagram<\/strong><\/a><strong>\u00a0e <\/strong><a href=\"https:\/\/www.youtube.com\/channel\/UCAptA0jQuYQy8vMhLt2m4qg\"><strong>Youtube<\/strong><\/a><strong>\u00a0e veja nossas mat\u00e9rias, v\u00eddeos e fotos. Voc\u00ea tamb\u00e9m pode enviar informa\u00e7\u00f5es \u00e0 Reda\u00e7\u00e3o do Portal Cariri em A\u00e7\u00e3o pelo WhatsApp (83) 9 9634.5791, (83) 9 9601-1162.<\/strong><\/p>\n","protected":false},"excerpt":{"rendered":"<p>O Plen\u00e1rio do Senado aprovou nesta quinta-feira (23) projeto que permite a prorroga\u00e7\u00e3o dos prazos de vig\u00eancia das bolsas de estudo nos casos de maternidade&hellip; <\/p>\n","protected":false},"author":2,"featured_media":33955,"comment_status":"closed","ping_status":"closed","sticky":false,"template":"","format":"standard","meta":{"sfsi_plus_gutenberg_text_before_share":"","sfsi_plus_gutenberg_show_text_before_share":"","sfsi_plus_gutenberg_icon_type":"","sfsi_plus_gutenberg_icon_alignemt":"","sfsi_plus_gutenburg_max_per_row":"","footnotes":""},"categories":[11],"tags":[],"class_list":["post-33949","post","type-post","status-publish","format-standard","has-post-thumbnail","hentry","category-politica"],"_links":{"self":[{"href":"https:\/\/www.caririemacao.com\/1\/wp-json\/wp\/v2\/posts\/33949","targetHints":{"allow":["GET"]}}],"collection":[{"href":"https:\/\/www.caririemacao.com\/1\/wp-json\/wp\/v2\/posts"}],"about":[{"href":"https:\/\/www.caririemacao.com\/1\/wp-json\/wp\/v2\/types\/post"}],"author":[{"embeddable":true,"href":"https:\/\/www.caririemacao.com\/1\/wp-json\/wp\/v2\/users\/2"}],"replies":[{"embeddable":true,"href":"https:\/\/www.caririemacao.com\/1\/wp-json\/wp\/v2\/comments?post=33949"}],"version-history":[{"count":0,"href":"https:\/\/www.caririemacao.com\/1\/wp-json\/wp\/v2\/posts\/33949\/revisions"}],"wp:featuredmedia":[{"embeddable":true,"href":"https:\/\/www.caririemacao.com\/1\/wp-json\/wp\/v2\/media\/33955"}],"wp:attachment":[{"href":"https:\/\/www.caririemacao.com\/1\/wp-json\/wp\/v2\/media?parent=33949"}],"wp:term":[{"taxonomy":"category","embeddable":true,"href":"https:\/\/www.caririemacao.com\/1\/wp-json\/wp\/v2\/categories?post=33949"},{"taxonomy":"post_tag","embeddable":true,"href":"https:\/\/www.caririemacao.com\/1\/wp-json\/wp\/v2\/tags?post=33949"}],"curies":[{"name":"wp","href":"https:\/\/api.w.org\/{rel}","templated":true}]}}