{"id":33950,"date":"2017-11-25T01:23:25","date_gmt":"2017-11-25T04:23:25","guid":{"rendered":"http:\/\/caririemacao.com\/1\/?p=33950"},"modified":"2017-11-25T01:23:25","modified_gmt":"2017-11-25T04:23:25","slug":"1o-sume-fest-car-sera-realizado-neste-domingo","status":"publish","type":"post","link":"https:\/\/www.caririemacao.com\/1\/2017\/11\/25\/1o-sume-fest-car-sera-realizado-neste-domingo\/","title":{"rendered":"1\u00ba Sum\u00e9 Fest Car ser\u00e1 realizado neste domingo"},"content":{"rendered":"<p>No pr\u00f3ximo dia 26, (Domingo) acontecer\u00e1 na cidade de Sum\u00e9, o 1\u00ba Sum\u00e9 Fest Car, um dos maiores encontros de Pared\u00f5es da regi\u00e3o do Cariri Paraibano.<\/p>\n<p>O evento contar\u00e1 com a participa\u00e7\u00e3o de pared\u00f5es de v\u00e1rias cidades da Para\u00edba e Pernambuco. O encontro come\u00e7ar\u00e1 por volta das 17 horas, no Jockey Club Mandacaru, na sa\u00edda para cidade do Congo, h\u00e1 1 km do BR 412.<\/p>\n<p>A entrada \u00e9 R$ 5,00 e ser\u00e1 proibida a entrada de bebidas. Haver\u00e1 \u00e1rea reservada para racha. N\u00e3o fique de fora dessa. Maiores informa\u00e7\u00f5es (83) 99853.8736.<\/p>\n<p><strong>CARIRI EM A\u00c7\u00c3O<\/strong><\/p>\n<p><strong>Leia mais not\u00edcias em\u00a0<\/strong><a href=\"http:\/\/www.caririemacao.com\/\"><strong>caririemacao.com<\/strong><\/a><strong>, siga nossa p\u00e1gina no\u00a0<\/strong><a href=\"https:\/\/www.facebook.com\/CaririEmAcao\/?ref=aymt_homepage_panel\"><strong>Facebook<\/strong><\/a><strong>,\u00a0<\/strong><a href=\"https:\/\/www.instagram.com\/cariri_em_acao\/?hl=pt-br\"><strong>Instagram<\/strong><\/a><strong>\u00a0e <\/strong><a href=\"https:\/\/www.youtube.com\/channel\/UCAptA0jQuYQy8vMhLt2m4qg\"><strong>Youtube<\/strong><\/a><strong>\u00a0e veja nossas mat\u00e9rias, v\u00eddeos e fotos. Voc\u00ea tamb\u00e9m pode enviar informa\u00e7\u00f5es \u00e0 Reda\u00e7\u00e3o do Portal Cariri em A\u00e7\u00e3o pelo WhatsApp (83) 9 9634.5791, (83) 9 9601-1162.<\/strong><\/p>\n","protected":false},"excerpt":{"rendered":"<p>No pr\u00f3ximo dia 26, (Domingo) acontecer\u00e1 na cidade de Sum\u00e9, o 1\u00ba Sum\u00e9 Fest Car, um dos maiores encontros de Pared\u00f5es da regi\u00e3o do Cariri&hellip; <\/p>\n","protected":false},"author":2,"featured_media":0,"comment_status":"closed","ping_status":"closed","sticky":false,"template":"","format":"standard","meta":{"sfsi_plus_gutenberg_text_before_share":"","sfsi_plus_gutenberg_show_text_before_share":"","sfsi_plus_gutenberg_icon_type":"","sfsi_plus_gutenberg_icon_alignemt":"","sfsi_plus_gutenburg_max_per_row":"","footnotes":""},"categories":[2],"tags":[],"class_list":["post-33950","post","type-post","status-publish","format-standard","hentry","category-geral"],"_links":{"self":[{"href":"https:\/\/www.caririemacao.com\/1\/wp-json\/wp\/v2\/posts\/33950","targetHints":{"allow":["GET"]}}],"collection":[{"href":"https:\/\/www.caririemacao.com\/1\/wp-json\/wp\/v2\/posts"}],"about":[{"href":"https:\/\/www.caririemacao.com\/1\/wp-json\/wp\/v2\/types\/post"}],"author":[{"embeddable":true,"href":"https:\/\/www.caririemacao.com\/1\/wp-json\/wp\/v2\/users\/2"}],"replies":[{"embeddable":true,"href":"https:\/\/www.caririemacao.com\/1\/wp-json\/wp\/v2\/comments?post=33950"}],"version-history":[{"count":0,"href":"https:\/\/www.caririemacao.com\/1\/wp-json\/wp\/v2\/posts\/33950\/revisions"}],"wp:attachment":[{"href":"https:\/\/www.caririemacao.com\/1\/wp-json\/wp\/v2\/media?parent=33950"}],"wp:term":[{"taxonomy":"category","embeddable":true,"href":"https:\/\/www.caririemacao.com\/1\/wp-json\/wp\/v2\/categories?post=33950"},{"taxonomy":"post_tag","embeddable":true,"href":"https:\/\/www.caririemacao.com\/1\/wp-json\/wp\/v2\/tags?post=33950"}],"curies":[{"name":"wp","href":"https:\/\/api.w.org\/{rel}","templated":true}]}}