{"id":33953,"date":"2017-11-25T01:44:28","date_gmt":"2017-11-25T04:44:28","guid":{"rendered":"http:\/\/caririemacao.com\/1\/?p=33953"},"modified":"2017-11-25T02:18:28","modified_gmt":"2017-11-25T05:18:28","slug":"governador-assina-ordem-de-servico-da-adutora-de-caraubas-e-vistoria-obra-da-pb-186","status":"publish","type":"post","link":"https:\/\/www.caririemacao.com\/1\/2017\/11\/25\/governador-assina-ordem-de-servico-da-adutora-de-caraubas-e-vistoria-obra-da-pb-186\/","title":{"rendered":"Governador assina ordem de servi\u00e7o da Adutora de Cara\u00fabas e vistoria obra da PB-186\u00a0"},"content":{"rendered":"<p>Ao lado do prefeito Silvano Dudu, o governador Ricardo Coutinho assinou, nesta sexta-feira (24), a ordem de servi\u00e7o autorizando a constru\u00e7\u00e3o da Adutora de Cara\u00fabas que vai garantir abastecimento de \u00e1gua sem intermit\u00eancia para os moradores da cidade.<\/p>\n<p>A obra est\u00e1 or\u00e7ada em R$ 894 mil. Durante a manh\u00e3, o chefe do Executivo Estadual tamb\u00e9m inspecionou as obras da PB-186, no trecho que liga S\u00e3o Domingos do Cariri a Cara\u00fabas, beneficiando quase 7 mil habitantes destes munic\u00edpios.<\/p>\n<p><a href=\"http:\/\/caririemacao.com\/1\/wp-content\/uploads\/2017\/11\/DSC_0102-2.jpg\"><img fetchpriority=\"high\" decoding=\"async\" class=\"aligncenter wp-image-33966 size-full\" src=\"http:\/\/caririemacao.com\/1\/wp-content\/uploads\/2017\/11\/DSC_0102-2.jpg\" alt=\"\" width=\"800\" height=\"532\" srcset=\"https:\/\/www.caririemacao.com\/1\/wp-content\/uploads\/2017\/11\/DSC_0102-2.jpg 800w, https:\/\/www.caririemacao.com\/1\/wp-content\/uploads\/2017\/11\/DSC_0102-2-300x200.jpg 300w, https:\/\/www.caririemacao.com\/1\/wp-content\/uploads\/2017\/11\/DSC_0102-2-768x511.jpg 768w\" sizes=\"(max-width: 800px) 100vw, 800px\" \/><\/a><\/p>\n<p>Prefeitos da regi\u00e3o, deputados federais, estaduais, vereadores e auxiliares do Governo estiveram presentes.<\/p>\n<p>Em seu pronunciamento, Ricardo Coutinho ressaltou a import\u00e2ncia da \u00e1gua e das estradas para o desenvolvimento do Cariri e outras regi\u00f5es paraibanas.<\/p>\n<p>\u201cEstou muito feliz em voltar a Cara\u00fabas para assinar essa ordem de servi\u00e7o para a adutora que vai abastecer a cidade. \u00c1gua e estradas s\u00e3o important\u00edssimas para a dignidade da popula\u00e7\u00e3o. J\u00e1 implantamos 1.400 km de adutoras pelo Estado, porque junto com a \u00e1gua vem o desenvolvimento das regi\u00f5es\u201d, observou o governador.<\/p>\n<p><a href=\"http:\/\/caririemacao.com\/1\/wp-content\/uploads\/2017\/11\/DSC_0182.jpg\"><img decoding=\"async\" class=\"aligncenter wp-image-33962 size-full lazyload\" data-src=\"http:\/\/caririemacao.com\/1\/wp-content\/uploads\/2017\/11\/DSC_0182.jpg\" alt=\"\" width=\"800\" height=\"532\" data-srcset=\"https:\/\/www.caririemacao.com\/1\/wp-content\/uploads\/2017\/11\/DSC_0182.jpg 800w, https:\/\/www.caririemacao.com\/1\/wp-content\/uploads\/2017\/11\/DSC_0182-300x200.jpg 300w, https:\/\/www.caririemacao.com\/1\/wp-content\/uploads\/2017\/11\/DSC_0182-768x511.jpg 768w\" data-sizes=\"(max-width: 800px) 100vw, 800px\" src=\"data:image\/svg+xml;base64,PHN2ZyB3aWR0aD0iMSIgaGVpZ2h0PSIxIiB4bWxucz0iaHR0cDovL3d3dy53My5vcmcvMjAwMC9zdmciPjwvc3ZnPg==\" style=\"--smush-placeholder-width: 800px; --smush-placeholder-aspect-ratio: 800\/532;\" \/><\/a><\/p>\n<p>\u201cUma nova Para\u00edba \u00e9 criada a cada momento importante como este que vivenciamos aqui em Cara\u00fabas. Com responsabilidade \u00e9 poss\u00edvel fazer grandes obras, porque o dinheiro p\u00fablico tem que retornar ao povo em forma de a\u00e7\u00f5es. A obra vai trazer as \u00e1guas do Rio S\u00e3o Francisco para a popula\u00e7\u00e3o do munic\u00edpio. \u00c1gua \u00e9 vida e perspectiva de desenvolvimento\u201d, afirmou o secret\u00e1rio de Infraestrutura, Recursos H\u00eddricos, Meio Ambiente, Ci\u00eancia e Tecnologia, Jo\u00e3o Azev\u00eado.<\/p>\n<p>O sistema adutor de Cara\u00fabas compreende a capta\u00e7\u00e3o em Po\u00e7o Amazona, atrav\u00e9s de bomba submersa, com vaz\u00e3o de 30,0 metros c\u00fabicos por hora; Adutora em tubo PVC, defofo, com di\u00e2metro de 100 mm e extens\u00e3o de 1500 metros, al\u00e9m de melhorias no sistema existente.<\/p>\n<p><a href=\"http:\/\/caririemacao.com\/1\/wp-content\/uploads\/2017\/11\/DSC_0142.jpg\"><img decoding=\"async\" class=\"aligncenter wp-image-33963 size-full lazyload\" data-src=\"http:\/\/caririemacao.com\/1\/wp-content\/uploads\/2017\/11\/DSC_0142.jpg\" alt=\"\" width=\"800\" height=\"532\" data-srcset=\"https:\/\/www.caririemacao.com\/1\/wp-content\/uploads\/2017\/11\/DSC_0142.jpg 800w, https:\/\/www.caririemacao.com\/1\/wp-content\/uploads\/2017\/11\/DSC_0142-300x200.jpg 300w, https:\/\/www.caririemacao.com\/1\/wp-content\/uploads\/2017\/11\/DSC_0142-768x511.jpg 768w\" data-sizes=\"(max-width: 800px) 100vw, 800px\" src=\"data:image\/svg+xml;base64,PHN2ZyB3aWR0aD0iMSIgaGVpZ2h0PSIxIiB4bWxucz0iaHR0cDovL3d3dy53My5vcmcvMjAwMC9zdmciPjwvc3ZnPg==\" style=\"--smush-placeholder-width: 800px; --smush-placeholder-aspect-ratio: 800\/532;\" \/><\/a><\/p>\n<p>O sentimento de gratid\u00e3o pela obra que se inicia foi expressado pelo prefeito de Cara\u00fabas, Jos\u00e9 Silvano, conhecido como Silvano Dudu.<\/p>\n<p>\u201cEsse \u00e9 um dia de muita alegria, porque com essa adutora teremos abastecimento constante de \u00e1gua. Temos muito a agradecer ao governador pela adutora, pela estrada e tudo que est\u00e1 sendo realizado no Cariri\u201d, disse.<\/p>\n<p><a href=\"http:\/\/caririemacao.com\/1\/wp-content\/uploads\/2017\/11\/DSC_0171-1.jpg\"><img decoding=\"async\" class=\"aligncenter wp-image-33964 size-full lazyload\" data-src=\"http:\/\/caririemacao.com\/1\/wp-content\/uploads\/2017\/11\/DSC_0171-1.jpg\" alt=\"\" width=\"800\" height=\"532\" data-srcset=\"https:\/\/www.caririemacao.com\/1\/wp-content\/uploads\/2017\/11\/DSC_0171-1.jpg 800w, https:\/\/www.caririemacao.com\/1\/wp-content\/uploads\/2017\/11\/DSC_0171-1-300x200.jpg 300w, https:\/\/www.caririemacao.com\/1\/wp-content\/uploads\/2017\/11\/DSC_0171-1-768x511.jpg 768w\" data-sizes=\"(max-width: 800px) 100vw, 800px\" src=\"data:image\/svg+xml;base64,PHN2ZyB3aWR0aD0iMSIgaGVpZ2h0PSIxIiB4bWxucz0iaHR0cDovL3d3dy53My5vcmcvMjAwMC9zdmciPjwvc3ZnPg==\" style=\"--smush-placeholder-width: 800px; --smush-placeholder-aspect-ratio: 800\/532;\" \/><\/a><\/p>\n<p>\u201cO Cariri est\u00e1 cheio de obras essenciais realizadas por este Governo, a exemplo de adutoras e estradas. Essas a\u00e7\u00f5es transformam o cotidiano dos paraibanos e contribuem para o desenvolvimento do Estado\u201d, avaliou o deputado federal, Veneziano Vital do R\u00eago.<\/p>\n<p>A agricultora Ozinete Teixeira relatou que a falta de \u00e1gua dificulta o cultivo e tamb\u00e9m as atividades di\u00e1rias e agradeceu pela chegada da obra.<\/p>\n<p>\u201cPrecisamos de \u00e1gua para melhorar a vida nesta regi\u00e3o. Com \u00e1gua nas torneiras tudo fica melhor. Agrade\u00e7o a Ricardo Coutinho e todos que projetaram a chegada das \u00e1guas em Cara\u00fabas\u201d, falou.<a href=\"http:\/\/caririemacao.com\/1\/wp-content\/uploads\/2017\/11\/DSC_0018-3.jpg\"><img decoding=\"async\" class=\"aligncenter wp-image-33965 size-full lazyload\" data-src=\"http:\/\/caririemacao.com\/1\/wp-content\/uploads\/2017\/11\/DSC_0018-3.jpg\" alt=\"\" width=\"800\" height=\"532\" data-srcset=\"https:\/\/www.caririemacao.com\/1\/wp-content\/uploads\/2017\/11\/DSC_0018-3.jpg 800w, https:\/\/www.caririemacao.com\/1\/wp-content\/uploads\/2017\/11\/DSC_0018-3-300x200.jpg 300w, https:\/\/www.caririemacao.com\/1\/wp-content\/uploads\/2017\/11\/DSC_0018-3-768x511.jpg 768w\" data-sizes=\"(max-width: 800px) 100vw, 800px\" src=\"data:image\/svg+xml;base64,PHN2ZyB3aWR0aD0iMSIgaGVpZ2h0PSIxIiB4bWxucz0iaHR0cDovL3d3dy53My5vcmcvMjAwMC9zdmciPjwvc3ZnPg==\" style=\"--smush-placeholder-width: 800px; --smush-placeholder-aspect-ratio: 800\/532;\" \/><\/a><\/p>\n<p>A PB-186 \u2013 Est\u00e3o sendo investidos R$ 16,5 milh\u00f5es na pavimenta\u00e7\u00e3o do trecho de 13 km que liga S\u00e3o Domingos do Cariri a Cara\u00fabas.<\/p>\n<p>A rodovia est\u00e1 passando por servi\u00e7os como terraplenagem em cortes e aterros, pavimenta\u00e7\u00e3o asf\u00e1ltica, duas pontes em concreto estrutural premoldado, bueiros, drenagem profunda e superficial, cercas, gramagem de taludes, sinaliza\u00e7\u00e3o horizontal e vertical.<\/p>\n<p>\u201cQuando assumimos 54 cidades estavam isoladas, hoje n\u00e3o resta mais nenhuma sem liga\u00e7\u00e3o atrav\u00e9s do asfalto. Quero no pr\u00f3ximo ano, percorrer os 202 km do Anel do Cariri celebrando todas as estradas que fizemos e mudaram a cara da regi\u00e3o\u201d, falou o governador Ricardo Coutinho.<\/p>\n<p><iframe style=\"border: none; overflow: hidden;\" data-src=\"https:\/\/www.facebook.com\/plugins\/post.php?href=https%3A%2F%2Fwww.facebook.com%2Fmedia%2Fset%2F%3Fset%3Da.1135065433296145.1073742613.302749469861083%26type%3D3&amp;width=500\" width=\"500\" height=\"645\" frameborder=\"0\" scrolling=\"no\" src=\"data:image\/svg+xml;base64,PHN2ZyB3aWR0aD0iMSIgaGVpZ2h0PSIxIiB4bWxucz0iaHR0cDovL3d3dy53My5vcmcvMjAwMC9zdmciPjwvc3ZnPg==\" class=\"lazyload\" data-load-mode=\"1\"><\/iframe><\/p>\n<p><strong>CARIRI EM A\u00c7\u00c3O<\/strong><\/p>\n<p>Leia mais not\u00edcias em\u00a0<a href=\"http:\/\/www.caririemacao.com\/\">caririemacao.com<\/a>, siga nossa p\u00e1gina no\u00a0<a href=\"https:\/\/www.facebook.com\/CaririEmAcao\/?ref=aymt_homepage_panel\">Facebook<\/a>,\u00a0<a href=\"https:\/\/www.instagram.com\/cariri_em_acao\/?hl=pt-br\">Instagram<\/a>\u00a0e <a href=\"https:\/\/www.youtube.com\/channel\/UCAptA0jQuYQy8vMhLt2m4qg\">Youtube<\/a>\u00a0e veja nossas mat\u00e9rias, v\u00eddeos e fotos. Voc\u00ea tamb\u00e9m pode enviar informa\u00e7\u00f5es \u00e0 Reda\u00e7\u00e3o do Portal Cariri em A\u00e7\u00e3o pelo WhatsApp (83) 9 9634.5791, (83) 9 9601-1162.<\/p>\n","protected":false},"excerpt":{"rendered":"<p>Ao lado do prefeito Silvano Dudu, o governador Ricardo Coutinho assinou, nesta sexta-feira (24), a ordem de servi\u00e7o autorizando a constru\u00e7\u00e3o da Adutora de Cara\u00fabas&hellip; <\/p>\n","protected":false},"author":2,"featured_media":33957,"comment_status":"closed","ping_status":"closed","sticky":false,"template":"","format":"standard","meta":{"sfsi_plus_gutenberg_text_before_share":"","sfsi_plus_gutenberg_show_text_before_share":"","sfsi_plus_gutenberg_icon_type":"","sfsi_plus_gutenberg_icon_alignemt":"","sfsi_plus_gutenburg_max_per_row":"","footnotes":""},"categories":[2],"tags":[],"class_list":["post-33953","post","type-post","status-publish","format-standard","has-post-thumbnail","hentry","category-geral"],"_links":{"self":[{"href":"https:\/\/www.caririemacao.com\/1\/wp-json\/wp\/v2\/posts\/33953","targetHints":{"allow":["GET"]}}],"collection":[{"href":"https:\/\/www.caririemacao.com\/1\/wp-json\/wp\/v2\/posts"}],"about":[{"href":"https:\/\/www.caririemacao.com\/1\/wp-json\/wp\/v2\/types\/post"}],"author":[{"embeddable":true,"href":"https:\/\/www.caririemacao.com\/1\/wp-json\/wp\/v2\/users\/2"}],"replies":[{"embeddable":true,"href":"https:\/\/www.caririemacao.com\/1\/wp-json\/wp\/v2\/comments?post=33953"}],"version-history":[{"count":0,"href":"https:\/\/www.caririemacao.com\/1\/wp-json\/wp\/v2\/posts\/33953\/revisions"}],"wp:featuredmedia":[{"embeddable":true,"href":"https:\/\/www.caririemacao.com\/1\/wp-json\/wp\/v2\/media\/33957"}],"wp:attachment":[{"href":"https:\/\/www.caririemacao.com\/1\/wp-json\/wp\/v2\/media?parent=33953"}],"wp:term":[{"taxonomy":"category","embeddable":true,"href":"https:\/\/www.caririemacao.com\/1\/wp-json\/wp\/v2\/categories?post=33953"},{"taxonomy":"post_tag","embeddable":true,"href":"https:\/\/www.caririemacao.com\/1\/wp-json\/wp\/v2\/tags?post=33953"}],"curies":[{"name":"wp","href":"https:\/\/api.w.org\/{rel}","templated":true}]}}