{"id":33968,"date":"2017-11-25T08:23:15","date_gmt":"2017-11-25T11:23:15","guid":{"rendered":"http:\/\/caririemacao.com\/1\/?p=33968"},"modified":"2017-11-25T08:23:15","modified_gmt":"2017-11-25T11:23:15","slug":"temer-termina-procedimento-para-desobstruir-arterias-e-passa-bem","status":"publish","type":"post","link":"https:\/\/www.caririemacao.com\/1\/2017\/11\/25\/temer-termina-procedimento-para-desobstruir-arterias-e-passa-bem\/","title":{"rendered":"Temer termina procedimento para desobstruir art\u00e9rias e passa bem"},"content":{"rendered":"<p>A equipe m\u00e9dica do Hospital S\u00edrio-Liban\u00eas que atende ao presidente da Rep\u00fablica Michel Temer divulgou boletim m\u00e9dico no in\u00edcio da madrugada deste s\u00e1bado (25) informando que o procedimento de angioplastia no cora\u00e7\u00e3o do presidente foi bem-sucedido e ele se recupera na unidade coronariana da institui\u00e7\u00e3o.<\/p>\n<p>A cirurgia serviu para implantar\u00a0<em>stents<\/em>\u00a0em tr\u00eas art\u00e9rias coronarianas de Temer. O\u00a0<em>stent<\/em>\u00a0\u00e9 um min\u00fasculo tubo em forma de malha e expans\u00edvel, usado para desobstru\u00e7\u00e3o arterial e melhorar o fluxo sangu\u00edneo no cora\u00e7\u00e3o. A obstru\u00e7\u00e3o das art\u00e9rias leva menos oxig\u00eanio ao m\u00fasculo card\u00edaco, elevando o risco de enfarto.<\/p>\n<p>Temer deu entrada no hospital \u00e0s 19h04 dessa sexta-feira (24) para revis\u00e3o m\u00e9dica e, ap\u00f3s reavalia\u00e7\u00e3o urol\u00f3gica, iniciaria um cateterismo. O procedimento consiste em uma introdu\u00e7\u00e3o de um cat\u00e9ter (tubo extremamente fino) pela art\u00e9ria do bra\u00e7o ou da perna que vai at\u00e9 o cora\u00e7\u00e3o e serviria para investigar uma obstru\u00e7\u00e3o parcial em uma art\u00e9ria coronariana.<\/p>\n<p><strong>CARIRI EM A\u00c7\u00c3O<\/strong><\/p>\n<p><em>Com Portal Correio\/Foto: Google\u00a0\u00a0 <\/em><\/p>\n<p><strong>Leia mais not\u00edcias em\u00a0<\/strong><a href=\"http:\/\/www.caririemacao.com\/\"><strong>caririemacao.com<\/strong><\/a><strong>, siga nossa p\u00e1gina no\u00a0<\/strong><a href=\"https:\/\/www.facebook.com\/CaririEmAcao\/?ref=aymt_homepage_panel\"><strong>Facebook<\/strong><\/a>,<strong>\u00a0<\/strong><a href=\"https:\/\/www.instagram.com\/cariri_em_acao\/?hl=pt-br\"><strong>Instagram<\/strong><\/a><strong>\u00a0e <\/strong><a href=\"https:\/\/www.youtube.com\/channel\/UCAptA0jQuYQy8vMhLt2m4qg\"><strong>Youtube<\/strong><\/a><strong>\u00a0e veja nossas mat\u00e9rias, v\u00eddeos e fotos. Voc\u00ea tamb\u00e9m pode enviar informa\u00e7\u00f5es \u00e0 Reda\u00e7\u00e3o do Portal Cariri em A\u00e7\u00e3o pelo WhatsApp (83) 9 9634.5791, (83) 9 9601-1162.<\/strong><\/p>\n","protected":false},"excerpt":{"rendered":"<p>A equipe m\u00e9dica do Hospital S\u00edrio-Liban\u00eas que atende ao presidente da Rep\u00fablica Michel Temer divulgou boletim m\u00e9dico no in\u00edcio da madrugada deste s\u00e1bado (25) informando&hellip; <\/p>\n","protected":false},"author":2,"featured_media":25014,"comment_status":"closed","ping_status":"closed","sticky":false,"template":"","format":"standard","meta":{"sfsi_plus_gutenberg_text_before_share":"","sfsi_plus_gutenberg_show_text_before_share":"","sfsi_plus_gutenberg_icon_type":"","sfsi_plus_gutenberg_icon_alignemt":"","sfsi_plus_gutenburg_max_per_row":"","footnotes":""},"categories":[2],"tags":[],"class_list":["post-33968","post","type-post","status-publish","format-standard","has-post-thumbnail","hentry","category-geral"],"_links":{"self":[{"href":"https:\/\/www.caririemacao.com\/1\/wp-json\/wp\/v2\/posts\/33968","targetHints":{"allow":["GET"]}}],"collection":[{"href":"https:\/\/www.caririemacao.com\/1\/wp-json\/wp\/v2\/posts"}],"about":[{"href":"https:\/\/www.caririemacao.com\/1\/wp-json\/wp\/v2\/types\/post"}],"author":[{"embeddable":true,"href":"https:\/\/www.caririemacao.com\/1\/wp-json\/wp\/v2\/users\/2"}],"replies":[{"embeddable":true,"href":"https:\/\/www.caririemacao.com\/1\/wp-json\/wp\/v2\/comments?post=33968"}],"version-history":[{"count":0,"href":"https:\/\/www.caririemacao.com\/1\/wp-json\/wp\/v2\/posts\/33968\/revisions"}],"wp:featuredmedia":[{"embeddable":true,"href":"https:\/\/www.caririemacao.com\/1\/wp-json\/wp\/v2\/media\/25014"}],"wp:attachment":[{"href":"https:\/\/www.caririemacao.com\/1\/wp-json\/wp\/v2\/media?parent=33968"}],"wp:term":[{"taxonomy":"category","embeddable":true,"href":"https:\/\/www.caririemacao.com\/1\/wp-json\/wp\/v2\/categories?post=33968"},{"taxonomy":"post_tag","embeddable":true,"href":"https:\/\/www.caririemacao.com\/1\/wp-json\/wp\/v2\/tags?post=33968"}],"curies":[{"name":"wp","href":"https:\/\/api.w.org\/{rel}","templated":true}]}}