{"id":34022,"date":"2017-11-27T10:22:10","date_gmt":"2017-11-27T13:22:10","guid":{"rendered":"http:\/\/caririemacao.com\/1\/?p=34022"},"modified":"2017-11-27T10:22:10","modified_gmt":"2017-11-27T13:22:10","slug":"video-delegado-mata-advogado-a-tiros-durante-festa-em-casa-noturna","status":"publish","type":"post","link":"https:\/\/www.caririemacao.com\/1\/2017\/11\/27\/video-delegado-mata-advogado-a-tiros-durante-festa-em-casa-noturna\/","title":{"rendered":"V\u00cdDEO: Delegado mata advogado a tiros, durante festa em casa noturna"},"content":{"rendered":"<p>A briga que resultou na morte do advogado Wilson de Lima Justo Filho, de 35 anos, e deixou tr\u00eas pessoas feridas dentro da casa noturna Por\u00e3o do Alem\u00e3o, Zona Oeste de Manaus, na madrugada deste s\u00e1bado (25), foi registrada por c\u00e2mera de seguran\u00e7a. O v\u00eddeo, divulgado nas redes sociais, mostra o momento em que o delegado Gustavo de Castro Sotero faz os disparos. Ele foi preso ap\u00f3s o crime.<\/p>\n<p>As imagens mostram que os dois homens estavam pr\u00f3ximos, no piso inferior da casa noturna. Wilson Filho se pr\u00f3xima e d\u00e1 um soco no delegado. Em seguida, o delegado saca a arma e atira. Ele disparou, ao menos, cinco vezes. Houve tumulto e muita correria no local.<\/p>\n<p>Segundo colegas de profiss\u00e3o, Wilson estava na casa noturna com a esposa, Fabiola Rodrigues Pinto de Oliveira, que tamb\u00e9m foi baleada. No v\u00eddeo, ela aparece ferida e ca\u00edda no ch\u00e3o.Testemunhas disseram que o delegado teria come\u00e7ado a encarar a companheira da v\u00edtima, que foi \u201ctirar satisfa\u00e7\u00e3o\u201d com o suspeito.<\/p>\n<p>Ap\u00f3s os disparos, o delegado permaneceu no local e foi conduzido para o 19\u00b0 Distrito Integrado de Pol\u00edcia (DIP). Ele foi preso em flagrante pelos crimes de homic\u00eddio doloso e les\u00e3o corporal.<\/p>\n<p>Em depoimento, Sotero alegou que efetuou disparos de arma de fogo dentro da casa de shows ap\u00f3s ser agredido.<\/p>\n<p>O advogado Wilson de Lima Justo Filho, de 35 anos, morreu depois ser baleado dentro da casa noturna, por volta das 2h. Ainda ficaram feridos a esposa do advogado, Fabiola Rodrigues Pinto de Oliveira, de 31 anos, que foi atingida na perna esquerda.<\/p>\n<p>Yuri Paiva, de 45 anos, foi baleado no abd\u00f4men e Maur\u00edcio Rocha, 35, foi atingido no dorso esquerdo. Os tr\u00eas sobreviventes foram levados para Hospital Pronto-Socorro (HPS) 28 de Agosto e receberam alta m\u00e9dica.<\/p>\n<p><strong>Procedimento administrativo<\/strong><\/p>\n<p>A corregedora geral do Sistema de Seguran\u00e7a P\u00fablica, Iris Trevisan, afirmou que um procedimento administrativo em torno da a\u00e7\u00e3o do delegado j\u00e1 foi instaurado por ela.<\/p>\n<p>\u201cNesta situa\u00e7\u00e3o, j\u00e1 determinei pela instaura\u00e7\u00e3o de um procedimento administrativo disciplinar (Pad), por ser algo mais s\u00e9rio. Que pode culminar, inclusive, na demiss\u00e3o a bem do servi\u00e7o p\u00fablico. O prazo de processamento deste Pad \u00e9 de 90 dias, podendo ser prorrogado, dependendo do volume de dilig\u00eancias que ele exija\u201d, disse.<\/p>\n<p><strong>Confira o v\u00eddeo:<\/strong><\/p>\n<p><div class=\"ose-youtube ose-uid-c4a8fe6f2f4a8668c3cdc670903d090b ose-embedpress-responsive\" style=\"width:600px; height:550px; max-height:550px; max-width:100%; display:inline-block;\" data-embed-type=\"Youtube\"><iframe allowFullScreen=\"true\" title=\"V\u00eddeo mostra momento em que advogado \u00e9 morto a tiros por delegado dentro do Por\u00e3o do Alem\u00e3o em Manau\" width=\"600\" height=\"550\" data-src=\"https:\/\/www.youtube.com\/embed\/oW7ndSkNe7M?feature=oembed&color=red&rel=0&controls=1&start=&end=&fs=0&iv_load_policy=0&autoplay=0&mute=0&modestbranding=0&cc_load_policy=1&playsinline=1\" frameborder=\"0\" allow=\"accelerometer; encrypted-media;accelerometer;autoplay;clipboard-write;gyroscope;picture-in-picture clipboard-write; encrypted-media; gyroscope; picture-in-picture; web-share\" referrerpolicy=\"strict-origin-when-cross-origin\" allowfullscreen src=\"data:image\/svg+xml;base64,PHN2ZyB3aWR0aD0iMSIgaGVpZ2h0PSIxIiB4bWxucz0iaHR0cDovL3d3dy53My5vcmcvMjAwMC9zdmciPjwvc3ZnPg==\" class=\"lazyload\" data-load-mode=\"1\"><\/iframe><\/div><\/p>\n<p><strong>CARIRI EM A\u00c7\u00c3O<\/strong><\/p>\n<p>G1<\/p>\n<p><strong>Leia mais not\u00edcias em\u00a0<\/strong><a href=\"http:\/\/www.caririemacao.com\/\"><strong>caririemacao.com<\/strong><\/a><strong>, siga nossa p\u00e1gina no\u00a0<\/strong><a href=\"https:\/\/www.facebook.com\/CaririEmAcao\/?ref=aymt_homepage_panel\"><strong>Facebook<\/strong><\/a><strong>,\u00a0<\/strong><a href=\"https:\/\/www.instagram.com\/cariri_em_acao\/?hl=pt-br\"><strong>Instagram<\/strong><\/a><strong>\u00a0e <\/strong><a href=\"https:\/\/www.youtube.com\/channel\/UCAptA0jQuYQy8vMhLt2m4qg\"><strong>Youtube<\/strong><\/a><strong>\u00a0e veja nossas mat\u00e9rias, v\u00eddeos e fotos. Voc\u00ea tamb\u00e9m pode enviar informa\u00e7\u00f5es \u00e0 Reda\u00e7\u00e3o do Portal Cariri em A\u00e7\u00e3o pelo WhatsApp (83) 9 9634.5791, (83) 9 9601-1162.<\/strong><\/p>\n","protected":false},"excerpt":{"rendered":"<p>A briga que resultou na morte do advogado Wilson de Lima Justo Filho, de 35 anos, e deixou tr\u00eas pessoas feridas dentro da casa noturna&hellip; <\/p>\n","protected":false},"author":2,"featured_media":25619,"comment_status":"closed","ping_status":"closed","sticky":false,"template":"","format":"standard","meta":{"sfsi_plus_gutenberg_text_before_share":"","sfsi_plus_gutenberg_show_text_before_share":"","sfsi_plus_gutenberg_icon_type":"","sfsi_plus_gutenberg_icon_alignemt":"","sfsi_plus_gutenburg_max_per_row":"","footnotes":""},"categories":[12],"tags":[],"class_list":["post-34022","post","type-post","status-publish","format-standard","has-post-thumbnail","hentry","category-policia"],"_links":{"self":[{"href":"https:\/\/www.caririemacao.com\/1\/wp-json\/wp\/v2\/posts\/34022","targetHints":{"allow":["GET"]}}],"collection":[{"href":"https:\/\/www.caririemacao.com\/1\/wp-json\/wp\/v2\/posts"}],"about":[{"href":"https:\/\/www.caririemacao.com\/1\/wp-json\/wp\/v2\/types\/post"}],"author":[{"embeddable":true,"href":"https:\/\/www.caririemacao.com\/1\/wp-json\/wp\/v2\/users\/2"}],"replies":[{"embeddable":true,"href":"https:\/\/www.caririemacao.com\/1\/wp-json\/wp\/v2\/comments?post=34022"}],"version-history":[{"count":0,"href":"https:\/\/www.caririemacao.com\/1\/wp-json\/wp\/v2\/posts\/34022\/revisions"}],"wp:featuredmedia":[{"embeddable":true,"href":"https:\/\/www.caririemacao.com\/1\/wp-json\/wp\/v2\/media\/25619"}],"wp:attachment":[{"href":"https:\/\/www.caririemacao.com\/1\/wp-json\/wp\/v2\/media?parent=34022"}],"wp:term":[{"taxonomy":"category","embeddable":true,"href":"https:\/\/www.caririemacao.com\/1\/wp-json\/wp\/v2\/categories?post=34022"},{"taxonomy":"post_tag","embeddable":true,"href":"https:\/\/www.caririemacao.com\/1\/wp-json\/wp\/v2\/tags?post=34022"}],"curies":[{"name":"wp","href":"https:\/\/api.w.org\/{rel}","templated":true}]}}