{"id":34083,"date":"2017-11-28T08:20:26","date_gmt":"2017-11-28T11:20:26","guid":{"rendered":"http:\/\/caririemacao.com\/1\/?p=34083"},"modified":"2017-11-28T08:20:26","modified_gmt":"2017-11-28T11:20:26","slug":"a-3-dias-do-fim-do-prazo-133-mil-eleitores-da-pb-nao-fizeram-cadastramento-biometrico","status":"publish","type":"post","link":"https:\/\/www.caririemacao.com\/1\/2017\/11\/28\/a-3-dias-do-fim-do-prazo-133-mil-eleitores-da-pb-nao-fizeram-cadastramento-biometrico\/","title":{"rendered":"A 3 dias do fim do prazo, 133 mil eleitores da PB n\u00e3o fizeram cadastramento biom\u00e9trico"},"content":{"rendered":"<div class=\"mc-column content-media content-media--normal content-video\" data-block-type=\"backstage-video\" data-block-id=\"0\">\n<div class=\"content-media__description-centered\">\n<p class=\"content-media__description\"><span style=\"font-family: inherit; font-size: inherit; font-style: inherit; font-variant-ligatures: inherit; font-variant-caps: inherit; font-weight: inherit; text-align: center;\">A tr\u00eas dias do fim do prazo, 133.242 eleitores da Para\u00edba ainda n\u00e3o realizaram o cadastramento biom\u00e9trico e podem ter o t\u00edtulo eleitoral cancelado. Os eleitores dos 102 munic\u00edpios do estado que ainda n\u00e3o fizeram a revis\u00e3o t\u00eam at\u00e9 a quinta-feira (30) para realizar o cadastramento biom\u00e9trico. Segundo Tribunal Regional Eleitoral (TRE-PB), o prazo n\u00e3o ser\u00e1 prorrogado.<\/span><\/p>\n<\/div>\n<\/div>\n<div class=\"mc-column content-text active-extra-styles \" data-block-type=\"unstyled\" data-block-weight=\"57\" data-block-id=\"3\">\n<p class=\"content-text__container \" data-track-category=\"Link no Texto\" data-track-links=\"\">Todos os munic\u00edpios que est\u00e3o passando pelo recadastramento j\u00e1 ultrapassaram a marca dos 70% do eleitorado revisado. O estado como um todo j\u00e1 ultrapassou os 80%. O munic\u00edpio com a melhor situa\u00e7\u00e3o \u00e9 Puxinan\u00e3, \u00fanico que j\u00e1 ultrapassou os 90% do eleitorado revisado. Bernardino Bastista e Salgado de S\u00e3o F\u00e9lix, por sua vez, n\u00e3o chegaram aos 74%.<\/p>\n<\/div>\n<div class=\"mc-column content-text active-extra-styles \" data-block-type=\"unstyled\" data-block-weight=\"50\" data-block-id=\"4\">\n<p class=\"content-text__container \" data-track-category=\"Link no Texto\" data-track-links=\"\">Nas Elei\u00e7\u00f5es Gerais de 2018, todos os eleitores da Para\u00edba ser\u00e3o identificados, na urna eletr\u00f4nica, por meio da impress\u00e3o digital, no momento da vota\u00e7\u00e3o. Portanto, o eleitor que ainda n\u00e3o fez o seu cadastramento biom\u00e9trico deve procurar o Cart\u00f3rio Eleitoral ou Posto de Atendimento em sua cidade, o quanto antes.<\/p>\n<\/div>\n<div class=\"mc-column content-text active-extra-styles \" data-block-type=\"unstyled\" data-block-weight=\"59\" data-block-id=\"5\">\n<p class=\"content-text__container \" data-track-category=\"Link no Texto\" data-track-links=\"\">O secret\u00e1rio de Tecnologia da Informa\u00e7\u00e3o do TRE-PB, Jos\u00e9 Cassimiro J\u00fanior, ressaltou que o prazo do dia 30 de novembro \u00e9 para os eleitores vinculados aos munic\u00edpios que est\u00e3o passando apenas agora pela revis\u00e3o. Nas cidades em que j\u00e1 houve o recadastramento biom\u00e9trico, o prazo para solicitar segunda via e primeira inscri\u00e7\u00e3o \u00e9 at\u00e9 9 de maio de 2018.<\/p>\n<\/div>\n<div class=\"mc-column content-text active-extra-styles \" data-block-type=\"unstyled\" data-block-weight=\"28\" data-block-id=\"6\">\n<p class=\"content-text__container \" data-track-category=\"Link no Texto\" data-track-links=\"\">Para fazer o cadastramento biom\u00e9trico, o eleitor deve levar um documento oficial com foto, comprovante de resid\u00eancia dos \u00faltimos tr\u00eas meses e o t\u00edtulo de eleitor, se houver.<\/p>\n<p><strong>CARIRI EM A\u00c7\u00c3O<\/strong><\/p>\n<p><em>Com G1 \/Foto: Google\u00a0\u00a0 <\/em><\/p>\n<p><strong>Leia mais not\u00edcias em\u00a0<\/strong><a href=\"http:\/\/www.caririemacao.com\/\"><strong>caririemacao.com<\/strong><\/a><strong>, siga nossa p\u00e1gina no\u00a0<\/strong><a href=\"https:\/\/www.facebook.com\/CaririEmAcao\/?ref=aymt_homepage_panel\"><strong>Facebook<\/strong><\/a>,<strong>\u00a0<\/strong><a href=\"https:\/\/www.instagram.com\/cariri_em_acao\/?hl=pt-br\"><strong>Instagram<\/strong><\/a><strong>\u00a0e <\/strong><a href=\"https:\/\/www.youtube.com\/channel\/UCAptA0jQuYQy8vMhLt2m4qg\"><strong>Youtube<\/strong><\/a><strong>\u00a0e veja nossas mat\u00e9rias, v\u00eddeos e fotos. Voc\u00ea tamb\u00e9m pode enviar informa\u00e7\u00f5es \u00e0 Reda\u00e7\u00e3o do Portal Cariri em A\u00e7\u00e3o pelo WhatsApp (83) 9 9634.5791, (83) 9 9601-1162.<\/strong><\/p>\n<\/div>\n","protected":false},"excerpt":{"rendered":"<p>A tr\u00eas dias do fim do prazo, 133.242 eleitores da Para\u00edba ainda n\u00e3o realizaram o cadastramento biom\u00e9trico e podem ter o t\u00edtulo eleitoral cancelado. Os&hellip; <\/p>\n","protected":false},"author":2,"featured_media":16591,"comment_status":"closed","ping_status":"closed","sticky":false,"template":"","format":"standard","meta":{"sfsi_plus_gutenberg_text_before_share":"","sfsi_plus_gutenberg_show_text_before_share":"","sfsi_plus_gutenberg_icon_type":"","sfsi_plus_gutenberg_icon_alignemt":"","sfsi_plus_gutenburg_max_per_row":"","footnotes":""},"categories":[11],"tags":[],"class_list":["post-34083","post","type-post","status-publish","format-standard","has-post-thumbnail","hentry","category-politica"],"_links":{"self":[{"href":"https:\/\/www.caririemacao.com\/1\/wp-json\/wp\/v2\/posts\/34083","targetHints":{"allow":["GET"]}}],"collection":[{"href":"https:\/\/www.caririemacao.com\/1\/wp-json\/wp\/v2\/posts"}],"about":[{"href":"https:\/\/www.caririemacao.com\/1\/wp-json\/wp\/v2\/types\/post"}],"author":[{"embeddable":true,"href":"https:\/\/www.caririemacao.com\/1\/wp-json\/wp\/v2\/users\/2"}],"replies":[{"embeddable":true,"href":"https:\/\/www.caririemacao.com\/1\/wp-json\/wp\/v2\/comments?post=34083"}],"version-history":[{"count":0,"href":"https:\/\/www.caririemacao.com\/1\/wp-json\/wp\/v2\/posts\/34083\/revisions"}],"wp:featuredmedia":[{"embeddable":true,"href":"https:\/\/www.caririemacao.com\/1\/wp-json\/wp\/v2\/media\/16591"}],"wp:attachment":[{"href":"https:\/\/www.caririemacao.com\/1\/wp-json\/wp\/v2\/media?parent=34083"}],"wp:term":[{"taxonomy":"category","embeddable":true,"href":"https:\/\/www.caririemacao.com\/1\/wp-json\/wp\/v2\/categories?post=34083"},{"taxonomy":"post_tag","embeddable":true,"href":"https:\/\/www.caririemacao.com\/1\/wp-json\/wp\/v2\/tags?post=34083"}],"curies":[{"name":"wp","href":"https:\/\/api.w.org\/{rel}","templated":true}]}}