{"id":34107,"date":"2017-11-28T13:29:04","date_gmt":"2017-11-28T16:29:04","guid":{"rendered":"http:\/\/caririemacao.com\/1\/?p=34107"},"modified":"2017-11-28T13:29:04","modified_gmt":"2017-11-28T16:29:04","slug":"justica-manda-suspender-concurso-publico-do-tce-pb","status":"publish","type":"post","link":"https:\/\/www.caririemacao.com\/1\/2017\/11\/28\/justica-manda-suspender-concurso-publico-do-tce-pb\/","title":{"rendered":"Justi\u00e7a manda suspender concurso p\u00fablico do TCE-PB"},"content":{"rendered":"<p>O concurso p\u00fablico do Tribunal de Contas do Estado da Para\u00edba (TCE-PB)\u00a0foi suspenso por decis\u00e3o da ju\u00edza da 1\u00aa Vara da Fazenda P\u00fablica da Comarca de Jo\u00e3o Pessoa, Fl\u00e1via da Costa Lins Cavalcanti, nesta segunda-feira (27). Segundo ela, h\u00e1 ind\u00edcios de crime na divulga\u00e7\u00e3o do edital.<\/p>\n<p>Al\u00e9m de suspender, a ju\u00edza determinou a abertura de vista dos autos ao Minist\u00e9rio P\u00fablico para as provid\u00eancias cab\u00edveis e fixou ao Estado da Para\u00edba o prazo de tr\u00eas dias para o cumprimento, sob pena de ser arbitrada multa di\u00e1ria.<\/p>\n<p>A a\u00e7\u00e3o foi ajuizada sob a alega\u00e7\u00e3o de que um edital provis\u00f3rio do concurso j\u00e1 circulava em grupos de WhatsApp antes mesmo da publica\u00e7\u00e3o oficial, em 9 de novembro. O edital vazado j\u00e1 possibilitava que os poss\u00edveis candidatos tivessem acesso a informa\u00e7\u00f5es sigilosas, entre elas o conte\u00fado program\u00e1tico das disciplinas que ser\u00e3o cobradas nas provas.<\/p>\n<p>Por nota, o presidente do tribunal, Andr\u00e9 Carlo Torres, explicou que os Di\u00e1rios Oficiais do \u00f3rg\u00e3o s\u00e3o disponibilizados no site do TCE no dia anterior ao das publica\u00e7\u00f5es. &#8220;Quando o acesso \u00e9 interno aparece a tarja de PROVIS\u00d3RIO. A pr\u00f3pria decis\u00e3o real\u00e7a que o conte\u00fado \u00e9 id\u00eantico, justamente pelo fato de ser o mesmo edital. A diferen\u00e7a entre a disponibiliza\u00e7\u00e3o e o dia de circula\u00e7\u00e3o \u00e9 de algumas horas. N\u00e3o se trata de fraude no concurso. Vamos esclarecer perante \u00e0 Excelent\u00edssima Magistrada, respeitosamente&#8221;, informou.<\/p>\n<p>A autora da a\u00e7\u00e3o argumenta, ainda, que o C\u00f3digo Penal prev\u00ea que constitui crime o vazamento ou divulga\u00e7\u00e3o pr\u00e9via de edital de concurso p\u00fablico, em virtude de sua sigilosidade.<\/p>\n<p>A ju\u00edza Fl\u00e1via Cavalcanti afirmou que, de fato, houve a divulga\u00e7\u00e3o irregular e que os conte\u00fados das provas que constam no edital provis\u00f3rio &#8211; objeto da suposta fraude &#8211; e no edital oficial s\u00e3o exatamente os mesmos.<\/p>\n<p>\u201cOu seja, resta comprovada &#8216;in casu&#8217; a fraude alegada, ressaltando-se contudo que n\u00e3o se pode atribuir qualquer autoria ao suposto crime, eis que constatada, t\u00e3o somente, a materialidade do mesmo\u201d, enfatizou.<\/p>\n<p>Para a magistrada aqueles que tiveram acesso de forma antecipada ao conte\u00fado das provas, puderam se preparar para o concurso com mais tempo e, ainda, tiveram acesso a informa\u00e7\u00f5es privilegiadas, que denotam a inseguran\u00e7a do certame, uma vez que, se houvesse uma sigilosidade adequada, tais informa\u00e7\u00f5es n\u00e3o teriam sido divulgadas antecipadamente.<\/p>\n<p><strong>Vagas do TCE-PB<\/strong><\/p>\n<p>O edital do concurso do TCE-PB foi publicado no dia 9 de novembro, com 20 vagas e sal\u00e1rios at\u00e9 R$ 13 mil.\u00a0S\u00e3o oferecidas 15 vagas de Auditor de Contas P\u00fablicas e cinco de Agente de Documenta\u00e7\u00e3o. O Centro Brasileiro de Pesquisa em Avalia\u00e7\u00e3o e Sele\u00e7\u00e3o e de Promo\u00e7\u00e3o de Eventos (Cebraspe) \u00e9 a banca respons\u00e1vel.<\/p>\n<p>As inscri\u00e7\u00f5es j\u00e1 estavam abertas e seguiam at\u00e9 esta quarta-feira (29),\u00a0<a href=\"http:\/\/www.cespe.unb.br\/concursos\/tce_pb_17\/\">no site da Cebraspe<\/a>.<\/p>\n<p><strong>CARIRI EM A\u00c7\u00c3O<\/strong><\/p>\n<p><strong>Leia mais not\u00edcias em\u00a0<\/strong><a href=\"http:\/\/www.caririemacao.com\/\"><strong>caririemacao.com<\/strong><\/a><strong>, siga nossa p\u00e1gina no\u00a0<\/strong><a href=\"https:\/\/www.facebook.com\/CaririEmAcao\/?ref=aymt_homepage_panel\"><strong>Facebook<\/strong><\/a><strong>,\u00a0<\/strong><a href=\"https:\/\/www.instagram.com\/cariri_em_acao\/?hl=pt-br\"><strong>Instagram<\/strong><\/a><strong>\u00a0e <\/strong><a href=\"https:\/\/www.youtube.com\/channel\/UCAptA0jQuYQy8vMhLt2m4qg\"><strong>Youtube<\/strong><\/a><strong>\u00a0e veja nossas mat\u00e9rias, v\u00eddeos e fotos. Voc\u00ea tamb\u00e9m pode enviar informa\u00e7\u00f5es \u00e0 Reda\u00e7\u00e3o do Portal Cariri em A\u00e7\u00e3o pelo WhatsApp (83) 9 9634.5791, (83) 9 9601-1162.<\/strong><\/p>\n","protected":false},"excerpt":{"rendered":"<p>O concurso p\u00fablico do Tribunal de Contas do Estado da Para\u00edba (TCE-PB)\u00a0foi suspenso por decis\u00e3o da ju\u00edza da 1\u00aa Vara da Fazenda P\u00fablica da Comarca&hellip; <\/p>\n","protected":false},"author":2,"featured_media":5758,"comment_status":"closed","ping_status":"closed","sticky":false,"template":"","format":"standard","meta":{"sfsi_plus_gutenberg_text_before_share":"","sfsi_plus_gutenberg_show_text_before_share":"","sfsi_plus_gutenberg_icon_type":"","sfsi_plus_gutenberg_icon_alignemt":"","sfsi_plus_gutenburg_max_per_row":"","footnotes":""},"categories":[2],"tags":[],"class_list":["post-34107","post","type-post","status-publish","format-standard","has-post-thumbnail","hentry","category-geral"],"_links":{"self":[{"href":"https:\/\/www.caririemacao.com\/1\/wp-json\/wp\/v2\/posts\/34107","targetHints":{"allow":["GET"]}}],"collection":[{"href":"https:\/\/www.caririemacao.com\/1\/wp-json\/wp\/v2\/posts"}],"about":[{"href":"https:\/\/www.caririemacao.com\/1\/wp-json\/wp\/v2\/types\/post"}],"author":[{"embeddable":true,"href":"https:\/\/www.caririemacao.com\/1\/wp-json\/wp\/v2\/users\/2"}],"replies":[{"embeddable":true,"href":"https:\/\/www.caririemacao.com\/1\/wp-json\/wp\/v2\/comments?post=34107"}],"version-history":[{"count":0,"href":"https:\/\/www.caririemacao.com\/1\/wp-json\/wp\/v2\/posts\/34107\/revisions"}],"wp:featuredmedia":[{"embeddable":true,"href":"https:\/\/www.caririemacao.com\/1\/wp-json\/wp\/v2\/media\/5758"}],"wp:attachment":[{"href":"https:\/\/www.caririemacao.com\/1\/wp-json\/wp\/v2\/media?parent=34107"}],"wp:term":[{"taxonomy":"category","embeddable":true,"href":"https:\/\/www.caririemacao.com\/1\/wp-json\/wp\/v2\/categories?post=34107"},{"taxonomy":"post_tag","embeddable":true,"href":"https:\/\/www.caririemacao.com\/1\/wp-json\/wp\/v2\/tags?post=34107"}],"curies":[{"name":"wp","href":"https:\/\/api.w.org\/{rel}","templated":true}]}}