{"id":34256,"date":"2017-12-01T08:51:10","date_gmt":"2017-12-01T11:51:10","guid":{"rendered":"http:\/\/caririemacao.com\/1\/?p=34256"},"modified":"2017-12-01T08:51:10","modified_gmt":"2017-12-01T11:51:10","slug":"expectativa-de-vida-do-brasileiro-sobe-para-758-anos-diz-ibge","status":"publish","type":"post","link":"https:\/\/www.caririemacao.com\/1\/2017\/12\/01\/expectativa-de-vida-do-brasileiro-sobe-para-758-anos-diz-ibge\/","title":{"rendered":"Expectativa de vida do brasileiro sobe para 75,8 anos, diz IBGE"},"content":{"rendered":"<p>A\u00a0expectativa de vida\u00a0do brasileiro ao nascer aumentou cerca de tr\u00eas meses em rela\u00e7\u00e3o ao ano anterior, segundo dados divulgados nesta sexta-feira (1) pelo Instituto Brasileiro de Geografia e Estat\u00edstica (IBGE).<\/p>\n<p>De acordo com a T\u00e1bula de Mortalidade, que o IBGE divulga anualmente, a esperan\u00e7a de vida passou de 75,5 anos em 2015 para 75,8 anos em 2016.<\/p>\n<p>Entre os estados brasileiros, a maior expectativa de vida foi observada em Santa Catarina, 79,1 anos, seguido por Esp\u00edrito Santo, Distrito Federal e S\u00e3o Paulo, todos com valores acima de 78 anos de idade.<\/p>\n<p>J\u00e1 a menor esperan\u00e7a de vida foi encontrada no Maranh\u00e3o, 70,6 anos.\u00a0Piau\u00ed, Rond\u00f4nia, Roraima, Alagoas e Amazonas tamb\u00e9m apresentaram expectativas de vida abaixo de 72 anos.<\/p>\n<p>Ainda segundo o levantamento, a\u00a0expectativa de vida do brasileiro vem aumentando ao longo do tempo. Em 1940, por exemplo, essa taxa era de\u00a045,5 anos, sendo 42,9 para homens e 48,3 anos para mulheres \u2013 um aumento de\u00a030,3 anos\u00a0em rela\u00e7\u00e3o a 2016.<\/p>\n<p><strong>CARIRI EM A\u00c7\u00c3O<\/strong><\/p>\n<p><em>Com Exame\/Foto: Google\u00a0\u00a0 <\/em><\/p>\n<p><strong>Leia mais not\u00edcias em\u00a0<\/strong><a href=\"http:\/\/www.caririemacao.com\/\"><strong>caririemacao.com<\/strong><\/a><strong>, siga nossa p\u00e1gina no\u00a0<\/strong><a href=\"https:\/\/www.facebook.com\/CaririEmAcao\/?ref=aymt_homepage_panel\"><strong>Facebook<\/strong><\/a>,<strong>\u00a0<\/strong><a href=\"https:\/\/www.instagram.com\/cariri_em_acao\/?hl=pt-br\"><strong>Instagram<\/strong><\/a><strong>\u00a0e <\/strong><a href=\"https:\/\/www.youtube.com\/channel\/UCAptA0jQuYQy8vMhLt2m4qg\"><strong>Youtube<\/strong><\/a><strong>\u00a0e veja nossas mat\u00e9rias, v\u00eddeos e fotos. Voc\u00ea tamb\u00e9m pode enviar informa\u00e7\u00f5es \u00e0 Reda\u00e7\u00e3o do Portal Cariri em A\u00e7\u00e3o pelo WhatsApp (83) 9 9634.5791, (83) 9 9601-1162.<\/strong><\/p>\n","protected":false},"excerpt":{"rendered":"<p>A\u00a0expectativa de vida\u00a0do brasileiro ao nascer aumentou cerca de tr\u00eas meses em rela\u00e7\u00e3o ao ano anterior, segundo dados divulgados nesta sexta-feira (1) pelo Instituto Brasileiro&hellip; <\/p>\n","protected":false},"author":2,"featured_media":13199,"comment_status":"closed","ping_status":"closed","sticky":false,"template":"","format":"standard","meta":{"sfsi_plus_gutenberg_text_before_share":"","sfsi_plus_gutenberg_show_text_before_share":"","sfsi_plus_gutenberg_icon_type":"","sfsi_plus_gutenberg_icon_alignemt":"","sfsi_plus_gutenburg_max_per_row":"","footnotes":""},"categories":[2],"tags":[],"class_list":["post-34256","post","type-post","status-publish","format-standard","has-post-thumbnail","hentry","category-geral"],"_links":{"self":[{"href":"https:\/\/www.caririemacao.com\/1\/wp-json\/wp\/v2\/posts\/34256","targetHints":{"allow":["GET"]}}],"collection":[{"href":"https:\/\/www.caririemacao.com\/1\/wp-json\/wp\/v2\/posts"}],"about":[{"href":"https:\/\/www.caririemacao.com\/1\/wp-json\/wp\/v2\/types\/post"}],"author":[{"embeddable":true,"href":"https:\/\/www.caririemacao.com\/1\/wp-json\/wp\/v2\/users\/2"}],"replies":[{"embeddable":true,"href":"https:\/\/www.caririemacao.com\/1\/wp-json\/wp\/v2\/comments?post=34256"}],"version-history":[{"count":0,"href":"https:\/\/www.caririemacao.com\/1\/wp-json\/wp\/v2\/posts\/34256\/revisions"}],"wp:featuredmedia":[{"embeddable":true,"href":"https:\/\/www.caririemacao.com\/1\/wp-json\/wp\/v2\/media\/13199"}],"wp:attachment":[{"href":"https:\/\/www.caririemacao.com\/1\/wp-json\/wp\/v2\/media?parent=34256"}],"wp:term":[{"taxonomy":"category","embeddable":true,"href":"https:\/\/www.caririemacao.com\/1\/wp-json\/wp\/v2\/categories?post=34256"},{"taxonomy":"post_tag","embeddable":true,"href":"https:\/\/www.caririemacao.com\/1\/wp-json\/wp\/v2\/tags?post=34256"}],"curies":[{"name":"wp","href":"https:\/\/api.w.org\/{rel}","templated":true}]}}