{"id":34344,"date":"2017-12-03T09:37:13","date_gmt":"2017-12-03T12:37:13","guid":{"rendered":"http:\/\/caririemacao.com\/1\/?p=34344"},"modified":"2017-12-03T09:37:13","modified_gmt":"2017-12-03T12:37:13","slug":"temer-diz-que-fara-todo-esforco-para-aprovar-previdencia-em-2017","status":"publish","type":"post","link":"https:\/\/www.caririemacao.com\/1\/2017\/12\/03\/temer-diz-que-fara-todo-esforco-para-aprovar-previdencia-em-2017\/","title":{"rendered":"Temer diz que far\u00e1 &#8216;todo esfor\u00e7o&#8217; para aprovar Previd\u00eancia em 2017"},"content":{"rendered":"<p>Com um cen\u00e1rio desfavor\u00e1vel para votar a reforma da Previd\u00eancia, o presidente Michel Temer afirmou nesse s\u00e1bado (2) que far\u00e1 &#8220;todo esfor\u00e7o&#8221; para conseguir p\u00f4r a proposta em vota\u00e7\u00e3o ainda neste ano.<\/p>\n<p>A inten\u00e7\u00e3o era que a PEC (Proposta de Emenda \u00e0 Constitui\u00e7\u00e3o) fosse votada na quarta (6), mas agora ele afirma que na quinta (7) ou sexta (8) ir\u00e1 verificar se o governo tem votos suficientes para a aprova\u00e7\u00e3o da mat\u00e9ria.<\/p>\n<p>&#8220;N\u00f3s vamos trabalhar para ter os votos, e at\u00e9 a quinta-feira pr\u00f3xima ou sexta-feira pr\u00f3xima vamos verificar se temos os votos. Acho que n\u00f3s conseguimos sensibilizar [os deputados]&#8221;, afirmou, ap\u00f3s entrega de unidades do Minha Casa, Minha Vida em Limeira (a 148 km de S\u00e3o Paulo).<\/p>\n<p>&#8220;Eu penso que n\u00f3s podemos votar neste ano, vamos fazer todo esfor\u00e7o. S\u00f3 se n\u00e3o tivermos votos \u00e9 que n\u00e3o levaremos ao plen\u00e1rio.&#8221; Ao lado do governador de S\u00e3o Paulo, Geraldo Alckmin, e do ministro Henrique Meirelles (Fazenda), Temer disse que &#8220;mesmo reduzida&#8221; a reforma economizar\u00e1 R$ 480 bilh\u00f5es em dez anos.<\/p>\n<p>Ao menos 220 deputados votar\u00e3o contra a proposta de reforma da Previd\u00eancia, segundo enquete feita pela Folha de S.Paulo entre os dias 27 de novembro e 1\u00ba de dezembro. O texto, que estabelece idade m\u00ednima de 65 anos (homens) e 62 anos (mulheres) para aposentadoria, al\u00e9m de mudar a f\u00f3rmula de c\u00e1lculo do benef\u00edcio, tem apoio total de apenas 46 deputados -o governo precisa de 308, em dois turnos de vota\u00e7\u00e3o, para que a proposta seja aprovada.<\/p>\n<p>Temer disse que deve passar o domingo reunido com presidentes e lideran\u00e7as partid\u00e1rias na tentativa de angariar apoio \u00e0 reforma, uma das principais bandeiras de sua gest\u00e3o. Em Limeira e na cidade vizinha, Americana, Temer entregou quase 1.800 unidades do Minha Casa, Minha Vida. Segundo ele, ainda ser\u00e3o inauguradas 25 mil unidades do at\u00e9 o fim do ano.<\/p>\n<p><strong>CARIRI EM A\u00c7\u00c3O<\/strong><\/p>\n<p><em>Com Not\u00edcias ao Minuto<\/em><em>\/Foto:Google\u00a0\u00a0<\/em><\/p>\n<p><strong>Leia mais not\u00edcias em\u00a0<\/strong><a href=\"http:\/\/www.caririemacao.com\/\"><strong>caririemacao.com<\/strong><\/a><strong>, siga nossa p\u00e1gina no\u00a0<\/strong><a href=\"https:\/\/www.facebook.com\/CaririEmAcao\/?ref=aymt_homepage_panel\"><strong>Facebook<\/strong><\/a>,<strong>\u00a0<\/strong><a href=\"https:\/\/www.instagram.com\/cariri_em_acao\/?hl=pt-br\"><strong>Instagram<\/strong><\/a><strong>\u00a0e\u00a0<\/strong><a href=\"https:\/\/www.youtube.com\/channel\/UCAptA0jQuYQy8vMhLt2m4qg\"><strong>Youtube<\/strong><\/a><strong>\u00a0e veja nossas mat\u00e9rias, v\u00eddeos e fotos. Voc\u00ea tamb\u00e9m pode enviar informa\u00e7\u00f5es \u00e0 Reda\u00e7\u00e3o do Portal Cariri em A\u00e7\u00e3o pelo WhatsApp (83) 9 9634.5791, (83) 9 9601-1162.<\/strong><\/p>\n","protected":false},"excerpt":{"rendered":"<p>Com um cen\u00e1rio desfavor\u00e1vel para votar a reforma da Previd\u00eancia, o presidente Michel Temer afirmou nesse s\u00e1bado (2) que far\u00e1 &#8220;todo esfor\u00e7o&#8221; para conseguir p\u00f4r&hellip; <\/p>\n","protected":false},"author":2,"featured_media":23516,"comment_status":"closed","ping_status":"closed","sticky":false,"template":"","format":"standard","meta":{"sfsi_plus_gutenberg_text_before_share":"","sfsi_plus_gutenberg_show_text_before_share":"","sfsi_plus_gutenberg_icon_type":"","sfsi_plus_gutenberg_icon_alignemt":"","sfsi_plus_gutenburg_max_per_row":"","footnotes":""},"categories":[11],"tags":[],"class_list":["post-34344","post","type-post","status-publish","format-standard","has-post-thumbnail","hentry","category-politica"],"_links":{"self":[{"href":"https:\/\/www.caririemacao.com\/1\/wp-json\/wp\/v2\/posts\/34344","targetHints":{"allow":["GET"]}}],"collection":[{"href":"https:\/\/www.caririemacao.com\/1\/wp-json\/wp\/v2\/posts"}],"about":[{"href":"https:\/\/www.caririemacao.com\/1\/wp-json\/wp\/v2\/types\/post"}],"author":[{"embeddable":true,"href":"https:\/\/www.caririemacao.com\/1\/wp-json\/wp\/v2\/users\/2"}],"replies":[{"embeddable":true,"href":"https:\/\/www.caririemacao.com\/1\/wp-json\/wp\/v2\/comments?post=34344"}],"version-history":[{"count":0,"href":"https:\/\/www.caririemacao.com\/1\/wp-json\/wp\/v2\/posts\/34344\/revisions"}],"wp:featuredmedia":[{"embeddable":true,"href":"https:\/\/www.caririemacao.com\/1\/wp-json\/wp\/v2\/media\/23516"}],"wp:attachment":[{"href":"https:\/\/www.caririemacao.com\/1\/wp-json\/wp\/v2\/media?parent=34344"}],"wp:term":[{"taxonomy":"category","embeddable":true,"href":"https:\/\/www.caririemacao.com\/1\/wp-json\/wp\/v2\/categories?post=34344"},{"taxonomy":"post_tag","embeddable":true,"href":"https:\/\/www.caririemacao.com\/1\/wp-json\/wp\/v2\/tags?post=34344"}],"curies":[{"name":"wp","href":"https:\/\/api.w.org\/{rel}","templated":true}]}}