{"id":34346,"date":"2017-12-03T09:43:22","date_gmt":"2017-12-03T12:43:22","guid":{"rendered":"http:\/\/caririemacao.com\/1\/?p=34346"},"modified":"2017-12-03T09:43:22","modified_gmt":"2017-12-03T12:43:22","slug":"sem-votos-maia-decide-nao-pautar-reforma-da-previdencia-para-proxima-semana","status":"publish","type":"post","link":"https:\/\/www.caririemacao.com\/1\/2017\/12\/03\/sem-votos-maia-decide-nao-pautar-reforma-da-previdencia-para-proxima-semana\/","title":{"rendered":"Sem votos, Maia decide n\u00e3o pautar reforma da Previd\u00eancia para pr\u00f3xima semana"},"content":{"rendered":"<p>Sem os 308 votos necess\u00e1rios para aprovar a mat\u00e9ria, o presidente da C\u00e2mara dos Deputados, Rodrigo Maia (DEM-RJ), n\u00e3o incluiu a\u00a0reforma da Previd\u00eancia\u00a0na pauta de vota\u00e7\u00f5es do plen\u00e1rio da pr\u00f3xima semana. Governistas trabalham agora para que a proposta seja votada na Casa na semana de 13 de dezembro.<\/p>\n<p>Em encontro com Temer h\u00e1 duas semanas,\u00a0Maia tinha combinado com o governo tentar por a reforma em vota\u00e7\u00e3o na pr\u00f3xima quarta-feira, 6. No entanto, ap\u00f3s rodada de conversas com l\u00edderes de partidos da base aliada, o presidente da C\u00e2mara decidiu n\u00e3o incluir a mat\u00e9ria na pauta, por n\u00e3o ter os votos suficientes para aprov\u00e1-la.<\/p>\n<p>Neste domingo, 3, o presidente Michel Temer participa de jantar com lideran\u00e7as e dirigentes de partidos da base. O ministro da Fazenda, Henrique Meirelles, tamb\u00e9m deve comparecer ao encontro, que est\u00e1 marcado para come\u00e7ar \u00e0s 19h30, na resid\u00eancia oficial do presidente da C\u00e2mara em Bras\u00edlia.<\/p>\n<p>&#8220;O combinado \u00e9, depois do jantar, passar segunda, ter\u00e7a e quarta conversando em busca de votos e na quinta vamos fazer uma avalia\u00e7\u00e3o para ver se h\u00e1 como pautar ainda este ano&#8221;, disse ao Broadcast Pol\u00edtico o l\u00edder do PMDB na C\u00e2mara, deputado Baleia Rossi (SP).<\/p>\n<div class=\"td-a-rec td-a-rec-id-content_bottom td_uid_1_5a2203e5434cb_rand td_block_template_1\">\n<div id=\"div-gpt-ad-1510753744454-4\" data-google-query-id=\"CLHB6YKb69cCFdGHkQodupsOKw\">\n<div class=\"td-a-rec td-a-rec-id-content_bottom td_uid_1_5a227279729b4_rand td_block_template_1\">\n<div id=\"div-gpt-ad-1510753744454-4\" data-google-query-id=\"CLve0Iib69cCFQIOkQodCTUOyQ\">\n<div id=\"google_ads_iframe_\/19487587\/PORTALCORREIO\/homepage_728x90_banner_bot_0__container__\"><strong>CARIRI EM A\u00c7\u00c3O<\/strong><\/div>\n<\/div>\n<\/div>\n<\/div>\n<\/div>\n<p><em>Com Estad\u00e3o<\/em><em>\/Foto:Google\u00a0\u00a0<\/em><\/p>\n<p><strong>Leia mais not\u00edcias em\u00a0<\/strong><a href=\"http:\/\/www.caririemacao.com\/\"><strong>caririemacao.com<\/strong><\/a><strong>, siga nossa p\u00e1gina no\u00a0<\/strong><a href=\"https:\/\/www.facebook.com\/CaririEmAcao\/?ref=aymt_homepage_panel\"><strong>Facebook<\/strong><\/a>,<strong>\u00a0<\/strong><a href=\"https:\/\/www.instagram.com\/cariri_em_acao\/?hl=pt-br\"><strong>Instagram<\/strong><\/a><strong>\u00a0e\u00a0<\/strong><a href=\"https:\/\/www.youtube.com\/channel\/UCAptA0jQuYQy8vMhLt2m4qg\"><strong>Youtube<\/strong><\/a><strong>\u00a0e veja nossas mat\u00e9rias, v\u00eddeos e fotos. Voc\u00ea tamb\u00e9m pode enviar informa\u00e7\u00f5es \u00e0 Reda\u00e7\u00e3o do Portal Cariri em A\u00e7\u00e3o pelo WhatsApp (83) 9 9634.5791, (83) 9 9601-1162.<\/strong><\/p>\n","protected":false},"excerpt":{"rendered":"<p>Sem os 308 votos necess\u00e1rios para aprovar a mat\u00e9ria, o presidente da C\u00e2mara dos Deputados, Rodrigo Maia (DEM-RJ), n\u00e3o incluiu a\u00a0reforma da Previd\u00eancia\u00a0na pauta de&hellip; <\/p>\n","protected":false},"author":2,"featured_media":33779,"comment_status":"closed","ping_status":"closed","sticky":false,"template":"","format":"standard","meta":{"sfsi_plus_gutenberg_text_before_share":"","sfsi_plus_gutenberg_show_text_before_share":"","sfsi_plus_gutenberg_icon_type":"","sfsi_plus_gutenberg_icon_alignemt":"","sfsi_plus_gutenburg_max_per_row":"","footnotes":""},"categories":[11],"tags":[],"class_list":["post-34346","post","type-post","status-publish","format-standard","has-post-thumbnail","hentry","category-politica"],"_links":{"self":[{"href":"https:\/\/www.caririemacao.com\/1\/wp-json\/wp\/v2\/posts\/34346","targetHints":{"allow":["GET"]}}],"collection":[{"href":"https:\/\/www.caririemacao.com\/1\/wp-json\/wp\/v2\/posts"}],"about":[{"href":"https:\/\/www.caririemacao.com\/1\/wp-json\/wp\/v2\/types\/post"}],"author":[{"embeddable":true,"href":"https:\/\/www.caririemacao.com\/1\/wp-json\/wp\/v2\/users\/2"}],"replies":[{"embeddable":true,"href":"https:\/\/www.caririemacao.com\/1\/wp-json\/wp\/v2\/comments?post=34346"}],"version-history":[{"count":0,"href":"https:\/\/www.caririemacao.com\/1\/wp-json\/wp\/v2\/posts\/34346\/revisions"}],"wp:featuredmedia":[{"embeddable":true,"href":"https:\/\/www.caririemacao.com\/1\/wp-json\/wp\/v2\/media\/33779"}],"wp:attachment":[{"href":"https:\/\/www.caririemacao.com\/1\/wp-json\/wp\/v2\/media?parent=34346"}],"wp:term":[{"taxonomy":"category","embeddable":true,"href":"https:\/\/www.caririemacao.com\/1\/wp-json\/wp\/v2\/categories?post=34346"},{"taxonomy":"post_tag","embeddable":true,"href":"https:\/\/www.caririemacao.com\/1\/wp-json\/wp\/v2\/tags?post=34346"}],"curies":[{"name":"wp","href":"https:\/\/api.w.org\/{rel}","templated":true}]}}