{"id":34348,"date":"2017-12-03T09:59:06","date_gmt":"2017-12-03T12:59:06","guid":{"rendered":"http:\/\/caririemacao.com\/1\/?p=34348"},"modified":"2017-12-03T09:59:06","modified_gmt":"2017-12-03T12:59:06","slug":"dom-dulcenio-toma-posse-como-novo-bispo-de-campina-grande","status":"publish","type":"post","link":"https:\/\/www.caririemacao.com\/1\/2017\/12\/03\/dom-dulcenio-toma-posse-como-novo-bispo-de-campina-grande\/","title":{"rendered":"Dom Dulc\u00eanio toma posse como novo bispo de Campina Grande"},"content":{"rendered":"<section class=\"l-noticia\">A Diocese de Campina Grande ganhou um novo bispo. Trata-se de Dom Dulc\u00eanio Fontes de Matos, o oitavo da hist\u00f3ria campinense, que foi empossado na tarde deste s\u00e1bado, 2, em solenidade prestigiada por representantes dos segmentos eclesi\u00e1sticos, sociais e pol\u00edticos da Para\u00edba e de Alagoas. O prefeito em exerc\u00edcio, Enivaldo Ribeiro, prestigiou a programa\u00e7\u00e3o, tendo feito, em solenidade na Pra\u00e7a da Bandeira, a entrega simb\u00f3lica da chave da cidade ao novo bispo.<\/p>\n<p>Al\u00e9m de Enivaldo Ribeiro, outras personalidades marcaram presen\u00e7a ao ato de acolhida ao novo bispo, a exemplo da deputada estadual Daniela Ribeiro; deputado federal Dami\u00e3o Feliciano; lideran\u00e7as pol\u00edticas de Alagoas, entre elas o prefeito de Palmeira dos \u00cdndios, J\u00falio C\u00e9sar da Silva; arcebispo da Para\u00edba, dom Delson Pedreira da Cruz; vereador Ant\u00f4nio Alves Pimentel Filho; secret\u00e1rio municipal de Esportes, Teles Albuquerque e a vice-governadora da Para\u00edba, L\u00edgia Feliciano.<\/p>\n<p>Ap\u00f3s o hasteamento das bandeiras do Brasil, da Para\u00edba e de Campina Grande, aconteceu a execu\u00e7\u00e3o \u2013 por parte da Filarm\u00f4nica Epit\u00e1cio Pessoa \u2013 dos hinos nacional e municipal. Logo em seguida, autoridades pol\u00edticas e eclesi\u00e1sticas fizeram uso da palavra. Em seu discurso, o prefeito em exerc\u00edcio, Enivaldo Ribeiro, revelou-se feliz em receber o novo bispo, destacando que a calorosa recep\u00e7\u00e3o oferecida ao religioso \u201cfoi mais uma grandiosa demonstra\u00e7\u00e3o de f\u00e9 e de mobiliza\u00e7\u00e3o do povo cat\u00f3lico\u201d.<\/p>\n<p>Enivaldo desejou ao novo bispo muito sucesso na sua miss\u00e3o \u00e0 frente da Diocese local, disponibilizando a gest\u00e3o municipal para a continuidade de parcerias em favor de todo o povo campinense. \u201cCreio que a miss\u00e3o do nosso bispo ser\u00e1 coroada de pleno \u00eaxito mesmo porque ele tem um compromisso com os mais humildes e se disp\u00f5e a servir \u00e0 coletividade campinense, zelando, especialmente, pela vida espiritual dos mais carentes e sofridos\u201d, afirmou.<\/p>\n<p>Enquanto isso, o novo bispo de Campina Grande, Dom Dulc\u00eanio Matos, afirmou que o sentimento para pastorear a Diocese de Campina Grande \u00e9 de esperan\u00e7a. Ele foi nomeado pelo Papa Francisco, no dia do anivers\u00e1rio de Campina Grande, 11 de outubro. Veio transferido da Diocese de Palmeira dos \u00cdndios (AL), onde passou 11 anos, e agora substitui Dom Delson Cruz.<\/p>\n<p>O religioso disse que espera ficar muito tempo sendo o bispo de Campina Grande e pede a Deus sa\u00fade e disposi\u00e7\u00e3o para continuar a sua miss\u00e3o. \u201cEu quero estar a servi\u00e7o do mundo e caminhar junto, especialmente, com as pessoas mais necessitadas. N\u00e3o sou bispo de gabinete, mas de fazer visitas pastorais e estar sempre presente na vida dos fi\u00e9is\u201d, destacou, acrescentado ter vindo para \u201cser, mais do que bispo, um novo amigo e irm\u00e3o de todos os campinenses\u201d.<\/p>\n<p>J\u00e1 o prefeito licenciado, Romero Rodrigues, em mensagem divulgada pelas redes sociais, elogiou o perfil do novo bispo, destacando que buscou, inclusive, acompanhar um pouco da trajet\u00f3ria do religioso em outros centros do pa\u00eds. \u201cTrata-se de uma pessoa din\u00e2mica, cuja f\u00e9 \u00e9 inquestion\u00e1vel. Ele com certeza, ser\u00e1 recebido de bra\u00e7os abertos por toda a popula\u00e7\u00e3o de Campina Grande, especialmente do povo cat\u00f3lico, da\u00ed os nossos votos de pleno \u00eaxito em sua miss\u00e3o\u201d, disse Romero.<\/p>\n<p>O mesmo pensamento foi expresso pelo prefeito de Palmeira dos \u00cdndios, J\u00falio C\u00e9sar, que na tarde deste s\u00e1bado, na Pra\u00e7a da Bandeira, fez pronunciamento, em nome das autoridades alagoanas, destacando as v\u00e1rias qualidades pessoais e espirituais do agora bispo de Campina Grande. T\u00e3o logo os discursos foram conclu\u00eddos, centenas de fi\u00e9is e autoridades seguiram para uma celebra\u00e7\u00e3o especial na Catedral Diocesana Nossa Senhora da Concei\u00e7\u00e3o, na Avenida Floriano Peixoto.<\/p>\n<p><strong>CARIRI EM A\u00c7\u00c3O<\/strong><\/p>\n<p><em>Com\u00a0Wscom\/Foto: Google\u00a0\u00a0 <\/em><\/p>\n<p><strong>Leia mais not\u00edcias em\u00a0<\/strong><a href=\"http:\/\/www.caririemacao.com\/\"><strong>caririemacao.com<\/strong><\/a><strong>, siga nossa p\u00e1gina no\u00a0<\/strong><a href=\"https:\/\/www.facebook.com\/CaririEmAcao\/?ref=aymt_homepage_panel\"><strong>Facebook<\/strong><\/a>,<strong>\u00a0<\/strong><a href=\"https:\/\/www.instagram.com\/cariri_em_acao\/?hl=pt-br\"><strong>Instagram<\/strong><\/a><strong>\u00a0e <\/strong><a href=\"https:\/\/www.youtube.com\/channel\/UCAptA0jQuYQy8vMhLt2m4qg\"><strong>Youtube<\/strong><\/a><strong>\u00a0e veja nossas mat\u00e9rias, v\u00eddeos e fotos. Voc\u00ea tamb\u00e9m pode enviar informa\u00e7\u00f5es \u00e0 Reda\u00e7\u00e3o do Portal Cariri em A\u00e7\u00e3o pelo WhatsApp (83) 9 9634.5791, (83) 9 9601-1162.<\/strong><\/p>\n<\/section>\n","protected":false},"excerpt":{"rendered":"<p>A Diocese de Campina Grande ganhou um novo bispo. Trata-se de Dom Dulc\u00eanio Fontes de Matos, o oitavo da hist\u00f3ria campinense, que foi empossado na&hellip; <\/p>\n","protected":false},"author":2,"featured_media":34349,"comment_status":"closed","ping_status":"closed","sticky":false,"template":"","format":"standard","meta":{"sfsi_plus_gutenberg_text_before_share":"","sfsi_plus_gutenberg_show_text_before_share":"","sfsi_plus_gutenberg_icon_type":"","sfsi_plus_gutenberg_icon_alignemt":"","sfsi_plus_gutenburg_max_per_row":"","footnotes":""},"categories":[2],"tags":[],"class_list":["post-34348","post","type-post","status-publish","format-standard","has-post-thumbnail","hentry","category-geral"],"_links":{"self":[{"href":"https:\/\/www.caririemacao.com\/1\/wp-json\/wp\/v2\/posts\/34348","targetHints":{"allow":["GET"]}}],"collection":[{"href":"https:\/\/www.caririemacao.com\/1\/wp-json\/wp\/v2\/posts"}],"about":[{"href":"https:\/\/www.caririemacao.com\/1\/wp-json\/wp\/v2\/types\/post"}],"author":[{"embeddable":true,"href":"https:\/\/www.caririemacao.com\/1\/wp-json\/wp\/v2\/users\/2"}],"replies":[{"embeddable":true,"href":"https:\/\/www.caririemacao.com\/1\/wp-json\/wp\/v2\/comments?post=34348"}],"version-history":[{"count":0,"href":"https:\/\/www.caririemacao.com\/1\/wp-json\/wp\/v2\/posts\/34348\/revisions"}],"wp:featuredmedia":[{"embeddable":true,"href":"https:\/\/www.caririemacao.com\/1\/wp-json\/wp\/v2\/media\/34349"}],"wp:attachment":[{"href":"https:\/\/www.caririemacao.com\/1\/wp-json\/wp\/v2\/media?parent=34348"}],"wp:term":[{"taxonomy":"category","embeddable":true,"href":"https:\/\/www.caririemacao.com\/1\/wp-json\/wp\/v2\/categories?post=34348"},{"taxonomy":"post_tag","embeddable":true,"href":"https:\/\/www.caririemacao.com\/1\/wp-json\/wp\/v2\/tags?post=34348"}],"curies":[{"name":"wp","href":"https:\/\/api.w.org\/{rel}","templated":true}]}}