{"id":34351,"date":"2017-12-03T10:02:26","date_gmt":"2017-12-03T13:02:26","guid":{"rendered":"http:\/\/caririemacao.com\/1\/?p=34351"},"modified":"2017-12-03T10:02:26","modified_gmt":"2017-12-03T13:02:26","slug":"bolsonaro-empregou-ex-mulher-ex-cunhada-e-ex-sogro-no-legislativo","status":"publish","type":"post","link":"https:\/\/www.caririemacao.com\/1\/2017\/12\/03\/bolsonaro-empregou-ex-mulher-ex-cunhada-e-ex-sogro-no-legislativo\/","title":{"rendered":"Bolsonaro empregou ex-mulher, ex-cunhada e ex-sogro no Legislativo"},"content":{"rendered":"<p>O deputado federal e pr\u00e9-candidato \u00e0 Presid\u00eancia Jair Bolsonaro (PSC-RJ) e seus filhos empregaram, nos \u00faltimos 20 anos, uma ex-mulher do parlamentar e dois parentes dela em cargos p\u00fablicos em seus gabinetes. Ana Cristina Valle, ex de Bolsonaro e m\u00e3e de Jair Renan, o quarto filho do presidenci\u00e1vel; a irm\u00e3 dela, Andrea, e o pai das duas, Jos\u00e9 C\u00e2ndido Proc\u00f3pio, ocuparam as vagas a partir de 1998, ano de nascimento de Jair Renan. Ana Cristina e Jos\u00e9 C\u00e2ndido n\u00e3o est\u00e3o mais nos gabinetes da fam\u00edlia, mas Andrea continua no do deputado estadual Fl\u00e1vio Bolsonaro, filho do presidenci\u00e1vel.<\/p>\n<p>Embora esteja lotada no gabinete de Fl\u00e1vio na Assembleia Legislativa do Rio (Alerj), ela n\u00e3o trabalha no local. O GLOBO a procurou duas vezes no gabinete nos \u00faltimos dias, e os funcion\u00e1rios disseram desconhec\u00ea-la. A ex-mulher de Bolsonaro, Ana Cristina, alegou que a irm\u00e3, assim como o pai, sempre trabalhou em Resende, uma das bases eleitorais de Bolsonaro. O trabalho de assessores nas bases dos parlamentares \u00e9 permitido.<\/p>\n<p>Apesar dos quase 20 anos de nomea\u00e7\u00f5es, os casos n\u00e3o podem ser tecnicamente enquadrados como nepotismo. A contrata\u00e7\u00e3o de parentes foi normatizada por uma s\u00famula do Supremo Tribunal Federal, em 2008. Os casos da fam\u00edlia Bolsonaro ocorreram antes disso. Andrea, pelo grau de parentesco com Fl\u00e1vio Bolsonaro, n\u00e3o se enquadra na proibi\u00e7\u00e3o expressa na s\u00famula do STF.<\/p>\n<p>O cargo com Fl\u00e1vio n\u00e3o \u00e9 o primeiro de Andrea perto do presidenci\u00e1vel. Sua trajet\u00f3ria junto \u00e0 fam\u00edlia Bolsonaro come\u00e7ou ap\u00f3s o nascimento de seu sobrinho Jair Renan, em 1998. Naquele ano, Jair Bolsonaro a nomeou como assessora na C\u00e2mara.<\/p>\n<p>Andrea ficou lotada ali at\u00e9 novembro de 2006, quando deixou o cargo. Em 2008, uma semana depois da publica\u00e7\u00e3o da s\u00famula antinepotismo pelo STF, foi nomeada no gabinete do deputado estadual Fl\u00e1vio Bolsonaro e de l\u00e1 n\u00e3o mais saiu. Pela folha salarial de setembro, ela recebe R$ 7,3 mil entre sal\u00e1rio e gratifica\u00e7\u00f5es, al\u00e9m de R$ 1,1 mil em aux\u00edlio escolar. O valor l\u00edquido recebido por Andrea, depois do desconto de Imposto de Renda e Previd\u00eancia, foi de R$ 6,5 mil.<\/p>\n<p>A entrada de Andrea no gabinete de Fl\u00e1vio Bolsonaro se deu no mesmo dia em que o pai dela e de Ana Cristina, Jos\u00e9 C\u00e2ndido Proc\u00f3pio Valle, foi exonerado. Ele estava lotado no gabinete do deputado estadual desde fevereiro de 2003, quando Fl\u00e1vio assumiu seu primeiro mandato. Mas, segundo regra editada pelo STF sobre nepotismo, o v\u00ednculo familiar entre Proc\u00f3pio e Fl\u00e1vio Bolsonaro \u00e9 um grau mais pr\u00f3ximo que o de Andrea. O trabalho na Alerj, no entanto, n\u00e3o foi o primeiro do patriarca dos Valle no cl\u00e3 Bolsonaro. Ele j\u00e1 havia sido contratado em novembro de 1998 para o gabinete de Jair, ent\u00e3o seu genro, onde ficou at\u00e9 abril de 2000.<\/p>\n<p>J\u00e1 Ana Cristina trabalhou no gabinete de Carlos Bolsonaro, o primeiro filho de Jair a entrar para a pol\u00edtica, eleito vereador aos 17 anos, em 2000. A C\u00e2mara do Rio n\u00e3o informou o per\u00edodo em que ela atuou na casa. Embora ressalte que n\u00e3o se lembra do per\u00edodo exato trabalhado, Ana Cristina afirma ter deixado a C\u00e2mara em 2006, quando terminou a rela\u00e7\u00e3o com Jair Bolsonaro.<\/p>\n<p><strong>O que diz Jair Bolsonaro<\/strong><br \/>\nO deputado e presidenci\u00e1vel Jair Bolsonaro afirma que sempre agiu dentro da lei, respeitando a s\u00famula vinculante editada pelo STF, em 2008, que normatizou a contrata\u00e7\u00e3o de parentes. Bolsonaro reconhece que sugeriu o nome de sua ex-mulher Ana Cristina Valle para trabalhar como assessora de um de seus filhos, o vereador Carlos Bolsonaro, na C\u00e2mara Municipal do Rio, e que contratou em seu gabinete o pai e a irm\u00e3 de Ana Cristina, mas ressalta que essas indica\u00e7\u00f5es e contrata\u00e7\u00f5es ocorreram antes da decis\u00e3o do Supremo.<\/p>\n<p><strong>CARIRI EM A\u00c7\u00c3O<\/strong><\/p>\n<p><em>Com O Globo\/Foto: Google\u00a0\u00a0 <\/em><\/p>\n<p><strong>Leia mais not\u00edcias em\u00a0<\/strong><a href=\"http:\/\/www.caririemacao.com\/\"><strong>caririemacao.com<\/strong><\/a><strong>, siga nossa p\u00e1gina no\u00a0<\/strong><a href=\"https:\/\/www.facebook.com\/CaririEmAcao\/?ref=aymt_homepage_panel\"><strong>Facebook<\/strong><\/a>,<strong>\u00a0<\/strong><a href=\"https:\/\/www.instagram.com\/cariri_em_acao\/?hl=pt-br\"><strong>Instagram<\/strong><\/a><strong>\u00a0e <\/strong><a href=\"https:\/\/www.youtube.com\/channel\/UCAptA0jQuYQy8vMhLt2m4qg\"><strong>Youtube<\/strong><\/a><strong>\u00a0e veja nossas mat\u00e9rias, v\u00eddeos e fotos. Voc\u00ea tamb\u00e9m pode enviar informa\u00e7\u00f5es \u00e0 Reda\u00e7\u00e3o do Portal Cariri em A\u00e7\u00e3o pelo WhatsApp (83) 9 9634.5791, (83) 9 9601-1162.<\/strong><\/p>\n","protected":false},"excerpt":{"rendered":"<p>O deputado federal e pr\u00e9-candidato \u00e0 Presid\u00eancia Jair Bolsonaro (PSC-RJ) e seus filhos empregaram, nos \u00faltimos 20 anos, uma ex-mulher do parlamentar e dois parentes&hellip; <\/p>\n","protected":false},"author":2,"featured_media":33629,"comment_status":"closed","ping_status":"closed","sticky":false,"template":"","format":"standard","meta":{"sfsi_plus_gutenberg_text_before_share":"","sfsi_plus_gutenberg_show_text_before_share":"","sfsi_plus_gutenberg_icon_type":"","sfsi_plus_gutenberg_icon_alignemt":"","sfsi_plus_gutenburg_max_per_row":"","footnotes":""},"categories":[11],"tags":[],"class_list":["post-34351","post","type-post","status-publish","format-standard","has-post-thumbnail","hentry","category-politica"],"_links":{"self":[{"href":"https:\/\/www.caririemacao.com\/1\/wp-json\/wp\/v2\/posts\/34351","targetHints":{"allow":["GET"]}}],"collection":[{"href":"https:\/\/www.caririemacao.com\/1\/wp-json\/wp\/v2\/posts"}],"about":[{"href":"https:\/\/www.caririemacao.com\/1\/wp-json\/wp\/v2\/types\/post"}],"author":[{"embeddable":true,"href":"https:\/\/www.caririemacao.com\/1\/wp-json\/wp\/v2\/users\/2"}],"replies":[{"embeddable":true,"href":"https:\/\/www.caririemacao.com\/1\/wp-json\/wp\/v2\/comments?post=34351"}],"version-history":[{"count":0,"href":"https:\/\/www.caririemacao.com\/1\/wp-json\/wp\/v2\/posts\/34351\/revisions"}],"wp:featuredmedia":[{"embeddable":true,"href":"https:\/\/www.caririemacao.com\/1\/wp-json\/wp\/v2\/media\/33629"}],"wp:attachment":[{"href":"https:\/\/www.caririemacao.com\/1\/wp-json\/wp\/v2\/media?parent=34351"}],"wp:term":[{"taxonomy":"category","embeddable":true,"href":"https:\/\/www.caririemacao.com\/1\/wp-json\/wp\/v2\/categories?post=34351"},{"taxonomy":"post_tag","embeddable":true,"href":"https:\/\/www.caririemacao.com\/1\/wp-json\/wp\/v2\/tags?post=34351"}],"curies":[{"name":"wp","href":"https:\/\/api.w.org\/{rel}","templated":true}]}}