{"id":34378,"date":"2017-12-03T21:43:26","date_gmt":"2017-12-04T00:43:26","guid":{"rendered":"http:\/\/caririemacao.com\/1\/?p=34378"},"modified":"2017-12-03T21:43:26","modified_gmt":"2017-12-04T00:43:26","slug":"grupo-diana-promove-provador-fashion-em-serra-branca","status":"publish","type":"post","link":"https:\/\/www.caririemacao.com\/1\/2017\/12\/03\/grupo-diana-promove-provador-fashion-em-serra-branca\/","title":{"rendered":"Grupo Diana promove &#8220;Provador Fashion&#8221; em Serra Branca"},"content":{"rendered":"<p>Na manh\u00e3 deste s\u00e1bado (2), a loja D\u2019Modas e Presentes, do grupo Diana, realizou mais um bel\u00edssimo desfile \u201cProvador Fashion\u201d. Na ocasi\u00e3o, o p\u00fablico que prestigiou o evento pode comprovar as mais novas tend\u00eancias para o ano de 2018.<\/p>\n<p><a href=\"http:\/\/caririemacao.com\/1\/wp-content\/uploads\/2017\/12\/DSC_0091.jpg\"><img fetchpriority=\"high\" decoding=\"async\" class=\"aligncenter wp-image-34413 size-full\" src=\"http:\/\/caririemacao.com\/1\/wp-content\/uploads\/2017\/12\/DSC_0091.jpg\" alt=\"\" width=\"800\" height=\"532\" srcset=\"https:\/\/www.caririemacao.com\/1\/wp-content\/uploads\/2017\/12\/DSC_0091.jpg 800w, https:\/\/www.caririemacao.com\/1\/wp-content\/uploads\/2017\/12\/DSC_0091-300x200.jpg 300w, https:\/\/www.caririemacao.com\/1\/wp-content\/uploads\/2017\/12\/DSC_0091-768x511.jpg 768w\" sizes=\"(max-width: 800px) 100vw, 800px\" \/><\/a><\/p>\n<p>A Loja D\u2019 Mondas e Presente est\u00e1 localizada por tr\u00e1s do Mercado P\u00fablico, em Serra Branca, e conta com os melhores pre\u00e7os e prazos de pagamento da cidade.<\/p>\n<p><div class=\"ose- ose-uid-357eb6f4553653ec483cc6484f178d1b ose-embedpress-responsive\" style=\"width:600px; height:550px; max-height:550px; max-width:100%; display:inline-block;\" data-embed-type=\"Facebook\"><iframe allowFullScreen=\"true\" class=\"embera-facebook-iframe-e76e5 lazyload\" data-src=\"https:\/\/www.facebook.com\/plugins\/post.php?href=https%3A%2F%2Fwww.facebook.com%2Fmedia%2Fset%2F%3Fset%3Da.1139266626209359.1073742624.302749469861083%26%23038%3Btype%3D1%26%23038%3Bl%3Dfd7b494f0c&width=600&height=550&show_text=true\" width=\"600\" height=\"550\" style=\"border:none;overflow:hidden\" scrolling=\"no\" frameborder=\"0\" allowTransparency=\"true\" src=\"data:image\/svg+xml;base64,PHN2ZyB3aWR0aD0iMSIgaGVpZ2h0PSIxIiB4bWxucz0iaHR0cDovL3d3dy53My5vcmcvMjAwMC9zdmciPjwvc3ZnPg==\" data-load-mode=\"1\"><\/iframe><\/div><\/p>\n<p><strong>Confira entrevista com a propriet\u00e1ria da D\u2019 Mondas e Presentes.<\/strong><\/p>\n<p><iframe style=\"border: none; overflow: hidden;\" data-src=\"https:\/\/www.facebook.com\/plugins\/video.php?href=https%3A%2F%2Fwww.facebook.com%2FCaririEmAcao%2Fvideos%2F1139158382886850%2F&amp;show_text=0&amp;width=560\" width=\"560\" height=\"315\" frameborder=\"0\" scrolling=\"no\" allowfullscreen=\"allowfullscreen\" src=\"data:image\/svg+xml;base64,PHN2ZyB3aWR0aD0iMSIgaGVpZ2h0PSIxIiB4bWxucz0iaHR0cDovL3d3dy53My5vcmcvMjAwMC9zdmciPjwvc3ZnPg==\" class=\"lazyload\" data-load-mode=\"1\"><\/iframe><\/p>\n<p><strong>CARIRI EM A\u00c7\u00c3O<\/strong><\/p>\n<p><strong>Leia mais not\u00edcias em\u00a0<\/strong><a href=\"http:\/\/www.caririemacao.com\/\"><strong>caririemacao.com<\/strong><\/a><strong>, siga nossa p\u00e1gina no\u00a0<\/strong><a href=\"https:\/\/www.facebook.com\/CaririEmAcao\/?ref=aymt_homepage_panel\"><strong>Facebook<\/strong><\/a>,<strong>\u00a0<a href=\"https:\/\/www.instagram.com\/cariri_em_acao\/?hl=pt-br\">Instagram<\/a>\u00a0e <\/strong><a href=\"https:\/\/www.youtube.com\/channel\/UCAptA0jQuYQy8vMhLt2m4qg\"><strong>Youtube<\/strong><\/a><strong>\u00a0e veja nossas mat\u00e9rias, v\u00eddeos e fotos. Voc\u00ea tamb\u00e9m pode enviar informa\u00e7\u00f5es \u00e0 Reda\u00e7\u00e3o do Portal Cariri em A\u00e7\u00e3o pelo WhatsApp (83) 9 9634.5791, (83) 9 9601-1162.<\/strong><\/p>\n","protected":false},"excerpt":{"rendered":"<p>Na manh\u00e3 deste s\u00e1bado (2), a loja D\u2019Modas e Presentes, do grupo Diana, realizou mais um bel\u00edssimo desfile \u201cProvador Fashion\u201d. Na ocasi\u00e3o, o p\u00fablico que&hellip; <\/p>\n","protected":false},"author":2,"featured_media":34412,"comment_status":"closed","ping_status":"closed","sticky":false,"template":"","format":"standard","meta":{"sfsi_plus_gutenberg_text_before_share":"","sfsi_plus_gutenberg_show_text_before_share":"","sfsi_plus_gutenberg_icon_type":"","sfsi_plus_gutenberg_icon_alignemt":"","sfsi_plus_gutenburg_max_per_row":"","footnotes":""},"categories":[6],"tags":[],"class_list":["post-34378","post","type-post","status-publish","format-standard","has-post-thumbnail","hentry","category-cidades"],"_links":{"self":[{"href":"https:\/\/www.caririemacao.com\/1\/wp-json\/wp\/v2\/posts\/34378","targetHints":{"allow":["GET"]}}],"collection":[{"href":"https:\/\/www.caririemacao.com\/1\/wp-json\/wp\/v2\/posts"}],"about":[{"href":"https:\/\/www.caririemacao.com\/1\/wp-json\/wp\/v2\/types\/post"}],"author":[{"embeddable":true,"href":"https:\/\/www.caririemacao.com\/1\/wp-json\/wp\/v2\/users\/2"}],"replies":[{"embeddable":true,"href":"https:\/\/www.caririemacao.com\/1\/wp-json\/wp\/v2\/comments?post=34378"}],"version-history":[{"count":0,"href":"https:\/\/www.caririemacao.com\/1\/wp-json\/wp\/v2\/posts\/34378\/revisions"}],"wp:featuredmedia":[{"embeddable":true,"href":"https:\/\/www.caririemacao.com\/1\/wp-json\/wp\/v2\/media\/34412"}],"wp:attachment":[{"href":"https:\/\/www.caririemacao.com\/1\/wp-json\/wp\/v2\/media?parent=34378"}],"wp:term":[{"taxonomy":"category","embeddable":true,"href":"https:\/\/www.caririemacao.com\/1\/wp-json\/wp\/v2\/categories?post=34378"},{"taxonomy":"post_tag","embeddable":true,"href":"https:\/\/www.caririemacao.com\/1\/wp-json\/wp\/v2\/tags?post=34378"}],"curies":[{"name":"wp","href":"https:\/\/api.w.org\/{rel}","templated":true}]}}